{"id":2801,"date":"2015-04-30T16:59:59","date_gmt":"2015-04-30T16:59:59","guid":{"rendered":"http:\/\/172.16.0.7\/site-antigo\/?p=2801"},"modified":"2024-10-08T09:10:57","modified_gmt":"2024-10-08T12:10:57","slug":"campanha-contra-a-gripe-comeca-nesta-segunda-em-apucarana","status":"publish","type":"post","link":"http:\/\/www.apucarana.pr.gov.br\/site\/campanha-contra-a-gripe-comeca-nesta-segunda-em-apucarana\/","title":{"rendered":"Campanha contra a gripe come\u00e7a nesta segunda em Apucarana"},"content":{"rendered":"<\/p>\n<p><span style=\"letter-spacing: -0.02em; line-height: 1.45em; background-color: initial;\">Com a meta de vacinar 34.971 pessoas, a Autarquia Municipal de Sa\u00fade de Apucarana entra a partir desta segunda-feira (04\/05) na Campanha Nacional de Vacina\u00e7\u00e3o contra a Gripe. A imuniza\u00e7\u00e3o vai estar dispon\u00edvel de segunda a sexta-feira, das 8 \u00e0s 17 horas, em todas as unidades b\u00e1sicas de sa\u00fade com sala de vacina. Os detalhes da campanha no munic\u00edpio, que vai at\u00e9 o dia 22 de maio, foram apresentados nesta quinta-feira (30\/04), na sede da autarquia, pelo <\/span><span style=\"letter-spacing: -0.02em; line-height: 1.45em; background-color: initial;\">superintendente de Vigil&acirc;ncia em Sa\u00fade,AguinaldoAparecido Ribeiro, e pelo coordenador do Departamento de Epidemiologia, Luciano Pereira da Silva. &ldquo;A campanha \u00e9 voltada para os grupos que s\u00e3o mais vulner\u00e1veis \u00e0s complica\u00e7\u00f5es da gripe e as doses s\u00e3o gratuitas&rdquo;, esclareceu Aguinaldo.<br \/><\/span><span style=\"letter-spacing: -0.02em; line-height: 1.45em; background-color: initial;\"><br \/>Al\u00e9m de pessoas com 60 anos ou mais, ser\u00e3o vacinados os trabalhadores de sa\u00fade da rede p\u00fablica e privada, crian\u00e7as na faixa et\u00e1ria de 6 meses a menores de 5 anos de idade (4 anos, 11 meses e 29 dias), as gestantes em qualquer est\u00e1gio, as pu\u00e9rperas (at\u00e9 45 dias ap\u00f3s o parto), os povos ind\u00edgenas, &ldquo;e os grupos portadores de doen\u00e7as cr&ocirc;nicas n\u00e3o transmiss\u00edveis e outras condi\u00e7\u00f5es cl\u00ednicas especiais, os quais devem apresentar uma prescri\u00e7\u00e3o m\u00e9dica na hora da vacina\u00e7\u00e3o&rdquo;, complementou Luciano, coordenador de Epidemiologia. Ele destaca que em Apucarana a popula\u00e7\u00e3o carcer\u00e1ria e os agentes tamb\u00e9m ser\u00e3o imunizados. &ldquo;O trabalho deve acontecer j\u00e1 na pr\u00f3xima semana, atendendo a 334 pessoas, entre presos e agentes carcer\u00e1rios&rdquo;, informa.<br \/><\/span><span style=\"letter-spacing: -0.02em; line-height: 1.45em; background-color: initial;\"><br \/>No &ldquo;Dia D&rdquo; da campanha, que acontece no dia 9 de maio (um s\u00e1bado), das 8 \u00e0s 17 horas, a dose da vacina vai estar dispon\u00edvel em todas as unidades b\u00e1sicas de sa\u00fade, independentemente de terem ou n\u00e3o salas de vacina. &ldquo;&Agrave;s 8 horas, no posto de sa\u00fade Pedro Barreto, no distrito da Vila Reis, vamos promover um ato oficial de lan\u00e7amento da campanha com a presen\u00e7a do prefeito Beto Preto e do secret\u00e1rio de Sa\u00fade, Roberto Kaneta&rdquo;, relatou Aguinaldo, superintendente da AMS.<br \/><\/span><span style=\"letter-spacing: -0.02em; line-height: 1.45em; background-color: initial;\"><br \/>A vacina protege contra os tr\u00eas subtipos do v\u00edrus da gripe que mais circularam no inverno do ano passado &#8211; H1N1, H3N2 e influenza B -, conforme recomenda\u00e7\u00e3o da Organiza\u00e7\u00e3o Mundial da Sa\u00fade (OMS). Agripediminui a resist\u00eancia do organismo a outrasinfec\u00e7\u00f5es, facilitando a instala\u00e7\u00e3o de bact\u00e9rias que causam pneumonias,otites, sinusites, amigdalites e outras doen\u00e7as. Mais informa\u00e7\u00f5es sobre a campanha contra a gripe no munic\u00edpio podem ser obtidas pelo telefone 3422-5888.<\/span><\/p>\n<p><\/p>\n","protected":false},"excerpt":{"rendered":"<p>No &ldquo;Dia D&rdquo; da campanha, que acontece no dia 9 de maio (um domingo), das 8 &agrave;s 17 horas, a dose da vacina vai estar dispon&iacute;vel em todas as unidades b&aacute;sicas de sa&uacute;de<\/p>\n","protected":false},"author":4,"featured_media":0,"comment_status":"closed","ping_status":"closed","sticky":false,"template":"","format":"standard","meta":{"footnotes":""},"categories":[24],"tags":[],"class_list":["post-2801","post","type-post","status-publish","format-standard","hentry","category-noticias"],"acf":[],"_links":{"self":[{"href":"http:\/\/www.apucarana.pr.gov.br\/site\/wp-json\/wp\/v2\/posts\/2801","targetHints":{"allow":["GET"]}}],"collection":[{"href":"http:\/\/www.apucarana.pr.gov.br\/site\/wp-json\/wp\/v2\/posts"}],"about":[{"href":"http:\/\/www.apucarana.pr.gov.br\/site\/wp-json\/wp\/v2\/types\/post"}],"author":[{"embeddable":true,"href":"http:\/\/www.apucarana.pr.gov.br\/site\/wp-json\/wp\/v2\/users\/4"}],"replies":[{"embeddable":true,"href":"http:\/\/www.apucarana.pr.gov.br\/site\/wp-json\/wp\/v2\/comments?post=2801"}],"version-history":[{"count":1,"href":"http:\/\/www.apucarana.pr.gov.br\/site\/wp-json\/wp\/v2\/posts\/2801\/revisions"}],"predecessor-version":[{"id":104077,"href":"http:\/\/www.apucarana.pr.gov.br\/site\/wp-json\/wp\/v2\/posts\/2801\/revisions\/104077"}],"wp:attachment":[{"href":"http:\/\/www.apucarana.pr.gov.br\/site\/wp-json\/wp\/v2\/media?parent=2801"}],"wp:term":[{"taxonomy":"category","embeddable":true,"href":"http:\/\/www.apucarana.pr.gov.br\/site\/wp-json\/wp\/v2\/categories?post=2801"},{"taxonomy":"post_tag","embeddable":true,"href":"http:\/\/www.apucarana.pr.gov.br\/site\/wp-json\/wp\/v2\/tags?post=2801"}],"curies":[{"name":"wp","href":"https:\/\/api.w.org\/{rel}","templated":true}]}}