{"id":28009,"date":"2019-11-18T19:07:45","date_gmt":"2019-11-18T21:07:45","guid":{"rendered":"http:\/\/172.16.0.7\/site-antigo\/?p=28009"},"modified":"2024-10-08T09:19:40","modified_gmt":"2024-10-08T12:19:40","slug":"apucarana-retoma-abertura-de-novos-postos-de-trabalho","status":"publish","type":"post","link":"http:\/\/www.apucarana.pr.gov.br\/site\/apucarana-retoma-abertura-de-novos-postos-de-trabalho\/","title":{"rendered":"Apucarana retoma abertura de novos postos de trabalho"},"content":{"rendered":"<p>Entre agosto e setembro, Apucarana abriu 306 novos postos de trabalho, registrando um salto no n\u00famero de contrata\u00e7\u00f5es. O saldo positivo \u00e9 apontado pelos dados do Caged \u2013 Cadastro Geral de Empregados e Desempregados, do Minist\u00e9rio do Trabalho. Nos \u00faltimos dois meses, Apucarana registrou 2.287 admiss\u00f5es contra 1.981 desligamentos, resultando na varia\u00e7\u00e3o positiva.<br \/>\nO prefeito de Apucarana Junior da Femac comemora a retomada do crescimento na abertura de postos de trabalho, ap\u00f3s o per\u00edodo dif\u00edcil vivido na metade do ano, especialmente por dificuldades encontradas pelo setor de confec\u00e7\u00f5es. \u201cEm todo o ano, de janeiro a setembro, comparando-se as admiss\u00f5es e os desligamentos, o saldo positivo de Apucarana \u00e9 de 142. J\u00e1 fazendo um recorte nos \u00faltimos dois meses, o saldo positivo \u00e9 de 306, o que demonstra uma forte retomada e nos apresenta um quadro ainda mais otimista para este final de ano\u201d, ressalta Junior da Femac.<br \/>\nO setor que mais contribuiu para a retomada do crescimento nestes \u00faltimos dois meses foi a ind\u00fastria de transforma\u00e7\u00e3o, com 142 novos postos de trabalho, seguida pela constru\u00e7\u00e3o civil com 87 e o setor de com\u00e9rcio e servi\u00e7os com 64.<br \/>\nO prefeito de Apucarana acredita que os n\u00fameros dever\u00e3o crescer ainda mais at\u00e9 o final do ano e para o in\u00edcio de 2020. \u201cSomente no setor do com\u00e9rcio duas novas lojas est\u00e3o se instalando em Apucarana, abrindo 50 novos postos de trabalho. Inclusive, a inaugura\u00e7\u00e3o de uma delas est\u00e1 agendada para esta semana\u201d, frisa Junior da Femac.<br \/>\nAl\u00e9m disso, o prefeito projeta que ainda neste final de ano, com os atrativos de Natal, as contrata\u00e7\u00f5es tempor\u00e1rias no com\u00e9rcio dever\u00e3o continuar. Para 2020, o cen\u00e1rio tamb\u00e9m \u00e9 de otimismo. \u201cPara o in\u00edcio do ano que vem, mais tr\u00eas empresas iniciar\u00e3o as atividades, uma no setor do com\u00e9rcio e outras duas no agroneg\u00f3cio. Juntas, elas responder\u00e3o pela abertura de mais 60 postos de trabalho\u201d, assinala Junior da Femac.<br \/>\n\u201c\u00c9 Apucarana mostrando sua for\u00e7a de recupera\u00e7\u00e3o. Gra\u00e7as a uma administra\u00e7\u00e3o p\u00fablica que trabalha com planejamento, com economia e com transpar\u00eancia. Temos intensificado o di\u00e1logo entre a gest\u00e3o p\u00fablica e o setor produtivo. Nossos empres\u00e1rios e empres\u00e1rias t\u00eam batalhado e estamos conseguindo atrair novos investimentos. S\u00f3 neste ano foram mais de 170 milh\u00f5es em novas ind\u00fastrias, agroind\u00fastrias e empreendimentos comerciais. E n\u00e3o podemos esquecer da nossa constru\u00e7\u00e3o civil que hoje \u00e9 uma das mais fortes do Paran\u00e1\u201d, comenta o prefeito Junior da Femac.<br \/>\nO secret\u00e1rio municipal de Ind\u00fastria, Com\u00e9rcio e Emprego, Edison Estrope, avaliou a evolu\u00e7\u00e3o dos n\u00fameros nos \u00faltimos dois meses. \u201cO saldo positivo de 306 postos de trabalho foi impulsionado pela ind\u00fastria de transforma\u00e7\u00e3o, especialmente pelas empresas na \u00e1rea de cal\u00e7ados de seguran\u00e7a que acompanharam a retomada da economia neste segmento. O setor de servi\u00e7os e com\u00e9rcio tamb\u00e9m contribuiu, por conta do aquecimento das contrata\u00e7\u00f5es nesta \u00e9poca natalina, al\u00e9m da constru\u00e7\u00e3o civil que manteve o desempenho positivo\u201d, pontua Estrope.<strong>\u00a0<\/strong><br \/>\n<strong>Incentivo \u00e0s micros e pequenas empresas nas licita\u00e7\u00f5es<\/strong><br \/>\nA prefeitura tamb\u00e9m vem estimulando a economia por meio de outras iniciativas. Uma dela \u00e9 o Programa Compras Apucarana. \u201cEstamos apostando na Lei Municipal 101\/2019 e na capacita\u00e7\u00e3o dos fornecedores para impulsionar a participa\u00e7\u00e3o de empresas locais em licita\u00e7\u00f5es p\u00fablicas\u201d, informa o prefeito Junior da Femac.<br \/>\nEle reitera que a Prefeitura de Apucarana compra por ano em materiais e servi\u00e7os cerca de R$ 250 milh\u00f5es. \u201cApesar destas oportunidades de neg\u00f3cios, apenas 20% deste total \u00e9 vendido ou fornecido por empresas apucaranenses. Assim, o dinheiro vai para outras cidades e regi\u00f5es\u201d, lamenta Junior.<br \/>\nA nova legisla\u00e7\u00e3o criada recentemente prev\u00ea incentivos para a participa\u00e7\u00e3o nas licita\u00e7\u00f5es das micro e pequenas empresas sediadas em Apucarana. \u201cQueremos que as empresas de Apucarana e regi\u00e3o participem das nossas licita\u00e7\u00f5es, saibam como fazer e ven\u00e7am os processos para que esse dinheiro fique na cidade, gerando mais empregos\u201d, justifica o prefeito.<strong>\u00a0<\/strong><br \/>\n<strong>Acesso simplificado ao selo SIM<\/strong><br \/>\nOutra medida adotada a partir de julho deste ano foi a Lei N\u00ba 097\/2019, que permitiu altera\u00e7\u00f5es nas exig\u00eancias visando a libera\u00e7\u00e3o do selo do Servi\u00e7o de Inspe\u00e7\u00e3o Municipal (SIM). O objetivo foi garantir mais agilidade no processo para permitir a comercializa\u00e7\u00e3o de produtos, subprodutos e linhas de abate de bovinos, su\u00ednos, caprinos, aves e peixes.<br \/>\n\u201cEstamos atuando com firmeza para contribuir com a abertura de novos postos de trabalho por meio dos empreendimentos aliment\u00edcios e da agricultura familiar\u201d, argumenta Junior da Femac.\u00a0Ele avalia que, diante de um cen\u00e1rio de crise econ\u00f4mica no Pa\u00eds, estas s\u00e3o medidas que podem estimular mais trabalho e renda para os pequenos e micro-empreendedores.<br \/>\n&nbsp;<\/p>\n","protected":false},"excerpt":{"rendered":"<p>Contrata\u00e7\u00f5es extras no fim de ano no com\u00e9rcio e a instala\u00e7\u00e3o de novas empresas geram otimismo\u00a0<\/p>\n","protected":false},"author":4,"featured_media":28010,"comment_status":"closed","ping_status":"open","sticky":false,"template":"","format":"standard","meta":{"footnotes":""},"categories":[24],"tags":[],"class_list":["post-28009","post","type-post","status-publish","format-standard","has-post-thumbnail","hentry","category-noticias"],"acf":[],"_links":{"self":[{"href":"http:\/\/www.apucarana.pr.gov.br\/site\/wp-json\/wp\/v2\/posts\/28009","targetHints":{"allow":["GET"]}}],"collection":[{"href":"http:\/\/www.apucarana.pr.gov.br\/site\/wp-json\/wp\/v2\/posts"}],"about":[{"href":"http:\/\/www.apucarana.pr.gov.br\/site\/wp-json\/wp\/v2\/types\/post"}],"author":[{"embeddable":true,"href":"http:\/\/www.apucarana.pr.gov.br\/site\/wp-json\/wp\/v2\/users\/4"}],"replies":[{"embeddable":true,"href":"http:\/\/www.apucarana.pr.gov.br\/site\/wp-json\/wp\/v2\/comments?post=28009"}],"version-history":[{"count":1,"href":"http:\/\/www.apucarana.pr.gov.br\/site\/wp-json\/wp\/v2\/posts\/28009\/revisions"}],"predecessor-version":[{"id":99971,"href":"http:\/\/www.apucarana.pr.gov.br\/site\/wp-json\/wp\/v2\/posts\/28009\/revisions\/99971"}],"wp:featuredmedia":[{"embeddable":true,"href":"http:\/\/www.apucarana.pr.gov.br\/site\/wp-json\/"}],"wp:attachment":[{"href":"http:\/\/www.apucarana.pr.gov.br\/site\/wp-json\/wp\/v2\/media?parent=28009"}],"wp:term":[{"taxonomy":"category","embeddable":true,"href":"http:\/\/www.apucarana.pr.gov.br\/site\/wp-json\/wp\/v2\/categories?post=28009"},{"taxonomy":"post_tag","embeddable":true,"href":"http:\/\/www.apucarana.pr.gov.br\/site\/wp-json\/wp\/v2\/tags?post=28009"}],"curies":[{"name":"wp","href":"https:\/\/api.w.org\/{rel}","templated":true}]}}