{"id":2800,"date":"2015-04-30T10:41:00","date_gmt":"2015-04-30T10:41:00","guid":{"rendered":"http:\/\/172.16.0.7\/site-antigo\/?p=2800"},"modified":"2024-10-08T09:10:57","modified_gmt":"2024-10-08T12:10:57","slug":"apucarana-lanca-programa-de-ginastica-nos-bairros","status":"publish","type":"post","link":"http:\/\/www.apucarana.pr.gov.br\/site\/apucarana-lanca-programa-de-ginastica-nos-bairros\/","title":{"rendered":"Apucarana lan\u00e7a programa de gin\u00e1stica nos bairros"},"content":{"rendered":"<\/p>\n<p>Com a aquisi\u00e7\u00e3o de v\u00e1rios equipamentos, o Programa Corpo e Vida Saud\u00e1vel ganhar\u00e1 uma nova din&acirc;mica. A iniciativa, que j\u00e1 funciona desde o ano passado, foi lan\u00e7ada oficialmente pelo prefeito de Apucarana, Beto Preto, em ato realizado na quarta-feira (29\/04), no Centro da Juventude. Voltado para a terceira idade, o programa \u00e9 desenvolvido pela Secretaria Municipal de Esportes e Lazer, em parceria com as secretarias municipais da Mulher e Assuntos da Fam\u00edlia e Assist\u00eancia Social, contando ainda com o apoio da Sport Center.<\/p>\n<p><p><b><u>Click nos links de \u00e1udio acima<\/u><\/b><\/p>\n<\/p>\n<p>De acordo com Beto Preto, o programa de gin\u00e1stica j\u00e1 atende cerca de 300 mulheres em 18 bairros. &ldquo;Com recursos do Governo Federal, adquirimos v\u00e1rios equipamentos que permitir\u00e3o introduzir novas modalidades, como aulas de step, jump e fitball. S\u00e3o atividades dispon\u00edveis apenas em academias de gin\u00e1stica pagas, mas que a partir de hoje ser\u00e3o disponibilizadas gratuitamente&rdquo;, frisa Beto Preto, afirmando que a meta \u00e9 aumentar at\u00e9 o final do mandato o n\u00famero para cerca de 1.500 participantes. <\/p>\n<p>Segundo o secret\u00e1rio municipal de Esportes e Lazer, Paulo Aparecido Kisner (Paul\u00e3o), o investimento nos equipamentos \u00e9 de cerca de R$ 50 mil, liberados pelo Minist\u00e9rio dos Esportes, dentro do Projeto da Lei Pel\u00e9. &ldquo;Os materiais ser\u00e3o disponibilizados em sistema de rod\u00edzio para os grupos j\u00e1 existentes e a inten\u00e7\u00e3o \u00e9 ampliar o programa, investindo em recursos humanos e em mais equipamentos&rdquo;, salienta Paul\u00e3o.<\/p>\n<p>Atualmente, o programa j\u00e1 funciona nos jardins Ponta Grossa, Diamantina, Vale Verde, Am\u00e9rica e Colonial, nos n\u00facleos habitacionais Dom Romeu Alberti, Afonso Camargo, Recanto do Lago, Jo\u00e3o Goulart e Jo\u00e3o Paulo, nas vilas Apucaraninha, Regina e Formosa, al\u00e9m do Distrito do Pirap\u00f3, Bairro da Igrejinha, regi\u00e3o do Lago Jaboti e \u00e1rea central. &ldquo;As aulas acontecem em locais cedidos pela comunidade e abrangem alongamento, fortalecimento muscular e condicionamento funcional&rdquo;, explica Paul\u00e3o. <\/p>\n<p>A secret\u00e1ria municipal da Mulher e Assuntos da Fam\u00edlia, Denise Canesin Machado, acredita que a iniciativa, al\u00e9m de congregar as mulheres, trar\u00e1 benef\u00edcios para a sa\u00fade. &ldquo;Esta \u00e9 mais uma a\u00e7\u00e3o que ajuda a transformar a vida das mulheres, gerando mais qualidade de vida. O programa re\u00fane mulheres com idades que v\u00e3o dos 30 aos 80 anos&rdquo;, assinala a secret\u00e1ria, citando a participante Natividade Cardoso, que recebeu uma homenagem especial por ser &ndash; com 80 anos &ndash; a participante mais idosa do programa. <\/p>\n<p>Jossuela Pinheiro, superintendente municipal de Esportes e Lazer, afirma que as aulas acontecem duas vezes por semana em cada um dos n\u00facleos existentes. &ldquo;&Eacute; uma hora de atividades no per\u00edodo da manh\u00e3 e uma hora no per\u00edodo da tarde. Para marcar e identificar o programa, cada participante vai ganhar uma camiseta e uma garrafinha squeeze&rdquo;, observa. <\/p>\n<p>Jossuela explica ainda que na aula de step, o participante sobe e desce de uma plataforma ajust\u00e1vel, tendo como principal foco a resist\u00eancia cardiovascular e a coordena\u00e7\u00e3o motora. &ldquo;O Jump \u00e9 uma atividade em minitrampolins, sendo uma aula de alto gasto cal\u00f3rico. J\u00e1 o fitball \u00e9 realizado em cima de bolas gigantes, com movimentos e exerc\u00edcios que trabalham o alongamento, for\u00e7a e equil\u00edbrio&rdquo;, detalha.<\/p>\n<p>As aulas nos bairros s\u00e3o ministradas por tr\u00eas professores de educa\u00e7\u00e3o f\u00edsica: Maria Clara de Andrade, Jane Reis e Marcos Rog\u00e9rio Garcia (Zalo). Mais informa\u00e7\u00f5es podem ser obtidas no Centro da Juventude, localizado na Rua Piratininga no Jardim Diamantida, ou pelo telefone 3424-0629.<\/p>\n<p><\/p>\n","protected":false},"excerpt":{"rendered":"<p>Voltada para a terceira idade, iniciativa j&aacute; atende cerca de 300 mulheres em 18 regi&otilde;es do munic&iacute;pio<\/p>\n","protected":false},"author":4,"featured_media":0,"comment_status":"closed","ping_status":"closed","sticky":false,"template":"","format":"standard","meta":{"footnotes":""},"categories":[24],"tags":[],"class_list":["post-2800","post","type-post","status-publish","format-standard","hentry","category-noticias"],"acf":[],"_links":{"self":[{"href":"http:\/\/www.apucarana.pr.gov.br\/site\/wp-json\/wp\/v2\/posts\/2800","targetHints":{"allow":["GET"]}}],"collection":[{"href":"http:\/\/www.apucarana.pr.gov.br\/site\/wp-json\/wp\/v2\/posts"}],"about":[{"href":"http:\/\/www.apucarana.pr.gov.br\/site\/wp-json\/wp\/v2\/types\/post"}],"author":[{"embeddable":true,"href":"http:\/\/www.apucarana.pr.gov.br\/site\/wp-json\/wp\/v2\/users\/4"}],"replies":[{"embeddable":true,"href":"http:\/\/www.apucarana.pr.gov.br\/site\/wp-json\/wp\/v2\/comments?post=2800"}],"version-history":[{"count":1,"href":"http:\/\/www.apucarana.pr.gov.br\/site\/wp-json\/wp\/v2\/posts\/2800\/revisions"}],"predecessor-version":[{"id":104080,"href":"http:\/\/www.apucarana.pr.gov.br\/site\/wp-json\/wp\/v2\/posts\/2800\/revisions\/104080"}],"wp:attachment":[{"href":"http:\/\/www.apucarana.pr.gov.br\/site\/wp-json\/wp\/v2\/media?parent=2800"}],"wp:term":[{"taxonomy":"category","embeddable":true,"href":"http:\/\/www.apucarana.pr.gov.br\/site\/wp-json\/wp\/v2\/categories?post=2800"},{"taxonomy":"post_tag","embeddable":true,"href":"http:\/\/www.apucarana.pr.gov.br\/site\/wp-json\/wp\/v2\/tags?post=2800"}],"curies":[{"name":"wp","href":"https:\/\/api.w.org\/{rel}","templated":true}]}}