{"id":27996,"date":"2019-11-14T20:04:14","date_gmt":"2019-11-14T22:04:14","guid":{"rendered":"http:\/\/172.16.0.7\/site-antigo\/?p=27996"},"modified":"2024-10-08T09:19:40","modified_gmt":"2024-10-08T12:19:40","slug":"prefeitura-reabre-unidade-saude-do-castelo-branco","status":"publish","type":"post","link":"http:\/\/www.apucarana.pr.gov.br\/site\/prefeitura-reabre-unidade-saude-do-castelo-branco\/","title":{"rendered":"Prefeitura reabre unidade sa\u00fade do Castelo Branco"},"content":{"rendered":"<p>O prefeito Junior da Femac entregou hoje a obra de reforma da Unidade de Apoio de Sa\u00fade (UAS) Calil Jo\u00e3o Miguel, no N\u00facleo Habitacional Castelo Branco, que estava inativa por 8 meses, enquanto eram executadas as melhorias em suas instala\u00e7\u00f5es. Os servi\u00e7os, visando garantir mais conforto e bem estar \u00e0 popula\u00e7\u00e3o que procura a unidade, foram executados com recursos pr\u00f3prios do munic\u00edpio.<br \/>\nA engenheira da Autarquia Municipal de Sa\u00fade, Ana Karine Alves Vieira, explica que a reforma envolveu a troca dos forros de madeira dos beirais externos por PVC; pintura interna e externa; substitui\u00e7\u00e3o de quadro de energia e troca de toda rede el\u00e9trica; troca de divis\u00f3ria; e plantio de grama, pela Secretaria de Servi\u00e7os P\u00fablicos.<br \/>\nA entrega da reforma contou com a presen\u00e7a da vi\u00fava Calil Jo\u00e3o Miguel, Alzira Alves Miguel, de 91 anos, da sua irm\u00e3 Juraci Maria Elias Gouveia, e de demais familiares. Tamb\u00e9m participaram o deputado estadual Arilson Chiorato, o vereador Mauro Bertoli, o vice-presidente da Autarquia Municipal de Sa\u00fade, Em\u00eddio Bachiega, e secret\u00e1rios municipais. \u201c\u00c9 um momento muito especial fazer a entrega dessa obra, que foi planejada pela equipe de sa\u00fade junto com Beto Preto. Esse \u00e9 um espa\u00e7o muito importante para a qualidade de vida dos moradores desta regi\u00e3o. A melhoria nesta unidade \u00e9 mais um fator que contribui para termos um trabalho de excel\u00eancia na sa\u00fade\u201d, afirmou Junior da Femac.<br \/>\nDentro do pacote de obras nas 34 UBSs do munic\u00edpio, anunciado no ano passado pela gest\u00e3o Beto Preto, ainda est\u00e3o em andamento a reforma de cinco unidades de apoio da sa\u00fade: Unidade de Apoio Di\u00e1cono Jo\u00e3o C\u00e2ndido da Silva (Barreiro); Unidade de Apoio Joice Dias Piza (Recanto do Lago); e Unidade de Apoio Vila Rural Nova Ucr\u00e2nia.<br \/>\nTamb\u00e9m est\u00e1 em execu\u00e7\u00e3o \u00e0 reforma e amplia\u00e7\u00e3o da Unidade B\u00e1sica de Sa\u00fade Julia Renczkowski, localizada no N\u00facleo Habitacional Marcos Freire; reforma da UBS Marcos Sanches Mascaro, no N\u00facleo Habitacional Parigot de Souza; a reforma UBS Mario Verussa, do distrito de Correio de Freitas; reforma UBS Mercedes da Silva Moreno, na Vila Regina; e da Unidade de Apoio da Sa\u00fade, Hermenegildo Neris Pereira, de S\u00e3o Pedro do Taquara.<br \/>\n\u201cTodos os pr\u00e9dios de UBSs ser\u00e3o reformados com recursos pr\u00f3prios do munic\u00edpio e, na gest\u00e3o Beto Preto, j\u00e1 foram constru\u00eddas tr\u00eas novas UBS, a Eunice Penharbel, do Residencial Sumatra, a Em\u00edlia Cretuchi, no Parque Bela Vista, e a Elaine Mazur, no residencial Interlagos\u201d, relacionou o prefeito Junior da Femac. Est\u00e3o ainda em constru\u00e7\u00e3o as novas UBSs Oreste Marquito, no Jardim Marissol; a UBS Irm\u00e3 Iz\u00edlia Folador, no Residencial Fariz Gebrim; e a UBS Benedito Cl\u00e1udio \u201cPinga Fogo\u201d de Oliveira, no Residencial Solo Sagrado.<br \/>\nSomente em obras em andamento na estrutura f\u00edsica da sa\u00fade no munic\u00edpio, o investimento chega a R$ 2 milh\u00f5es e 344 mil.<br \/>\n&nbsp;<br \/>\n&nbsp;<br \/>\n&nbsp;<br \/>\n&nbsp;<br \/>\n&nbsp;<\/p>\n","protected":false},"excerpt":{"rendered":"<p>Prefeito Junior da Femac entregou a obra de reforma da UAS Calil Jo\u00e3o Miguel, garantindo a retomada do atendimento \u00e0 popula\u00e7\u00e3o daquela regi\u00e3o<\/p>\n","protected":false},"author":4,"featured_media":27997,"comment_status":"closed","ping_status":"open","sticky":false,"template":"","format":"standard","meta":{"footnotes":""},"categories":[24],"tags":[],"class_list":["post-27996","post","type-post","status-publish","format-standard","has-post-thumbnail","hentry","category-noticias"],"acf":[],"_links":{"self":[{"href":"http:\/\/www.apucarana.pr.gov.br\/site\/wp-json\/wp\/v2\/posts\/27996","targetHints":{"allow":["GET"]}}],"collection":[{"href":"http:\/\/www.apucarana.pr.gov.br\/site\/wp-json\/wp\/v2\/posts"}],"about":[{"href":"http:\/\/www.apucarana.pr.gov.br\/site\/wp-json\/wp\/v2\/types\/post"}],"author":[{"embeddable":true,"href":"http:\/\/www.apucarana.pr.gov.br\/site\/wp-json\/wp\/v2\/users\/4"}],"replies":[{"embeddable":true,"href":"http:\/\/www.apucarana.pr.gov.br\/site\/wp-json\/wp\/v2\/comments?post=27996"}],"version-history":[{"count":1,"href":"http:\/\/www.apucarana.pr.gov.br\/site\/wp-json\/wp\/v2\/posts\/27996\/revisions"}],"predecessor-version":[{"id":99972,"href":"http:\/\/www.apucarana.pr.gov.br\/site\/wp-json\/wp\/v2\/posts\/27996\/revisions\/99972"}],"wp:featuredmedia":[{"embeddable":true,"href":"http:\/\/www.apucarana.pr.gov.br\/site\/wp-json\/"}],"wp:attachment":[{"href":"http:\/\/www.apucarana.pr.gov.br\/site\/wp-json\/wp\/v2\/media?parent=27996"}],"wp:term":[{"taxonomy":"category","embeddable":true,"href":"http:\/\/www.apucarana.pr.gov.br\/site\/wp-json\/wp\/v2\/categories?post=27996"},{"taxonomy":"post_tag","embeddable":true,"href":"http:\/\/www.apucarana.pr.gov.br\/site\/wp-json\/wp\/v2\/tags?post=27996"}],"curies":[{"name":"wp","href":"https:\/\/api.w.org\/{rel}","templated":true}]}}