{"id":2799,"date":"2015-04-29T17:26:00","date_gmt":"2015-04-29T17:26:00","guid":{"rendered":"http:\/\/172.16.0.7\/site-antigo\/?p=2799"},"modified":"2024-10-08T09:10:57","modified_gmt":"2024-10-08T12:10:57","slug":"prefeitura-fixa-plantao-para-transmissao-do-cadastro-ambiental-rural","status":"publish","type":"post","link":"http:\/\/www.apucarana.pr.gov.br\/site\/prefeitura-fixa-plantao-para-transmissao-do-cadastro-ambiental-rural\/","title":{"rendered":"Prefeitura fixa plant\u00e3o para transmiss\u00e3o do Cadastro Ambiental Rural"},"content":{"rendered":"<p><p><span style=\"letter-spacing: -0.02em; line-height: 1.45em; background-color: initial;\">Os produtores rurais de Apucarana que ainda n\u00e3o efetivaram o Cadastro Ambiental Rural, obrigatoriedade cujo prazo se esgota na pr\u00f3xima ter\u00e7a-feira (05\/05), est\u00e3o sendo convocados pela Secretaria Municipal de Meio Ambiente (Sema) para comparecerem nesta quinta-feira (30\/04) \u00e0 reparti\u00e7\u00e3o e aproveitar o assessoramento t\u00e9cnico prestado pela equipe municipal. &ldquo;Vamos trabalhar em hor\u00e1rio estendido, das 7 \u00e0s 19 horas, ininterruptamente, para atender a todos que procurarem. Orientamos que as pessoas n\u00e3o deixem para a segunda-feira, pois problemas de transmiss\u00e3o podem ocorrer e a\u00ed o produtor ficar\u00e1 irregular com sua propriedade e ter\u00e1 que arcar com as penalidades previstas em lei&rdquo;, alerta &Eacute;werton Pires, secret\u00e1rio municipal da pasta.<br \/><\/span><span style=\"letter-spacing: -0.02em; line-height: 1.45em; background-color: initial;\"><br \/>Ele pede que antes de comparecer ao pr\u00e9dio da Sema, que fica na Rua Lapa, n\u00ba 263, os produtores rurais procurem agendar o atendimento pelo telefone 3423-0142. &ldquo;Com isto esperamos ordenar melhor as atividades, que duram em m\u00e9dia meia hora por cadastro, e evitar a forma\u00e7\u00e3o de filas&rdquo;, comenta Pires. A pessoa dever\u00e1 levar CPF, RG, comprovante de resid\u00eancia, matr\u00edcula do im\u00f3vel rural e o mapa ou foto a\u00e9rea do im\u00f3vel. &ldquo;O CAR permitir\u00e1 ao propriet\u00e1rio exercer suas atividades de forma legal, com seguran\u00e7a jur\u00eddica e sustentabilidade ambiental&rdquo;, diz.<br \/><\/span><span style=\"letter-spacing: -0.02em; line-height: 1.45em; background-color: initial;\"><br \/>Desde segunda-feira, a Prefeitura de Apucarana est\u00e1 cooperando com o processo de preenchimento e transmiss\u00e3o do documento eletr&ocirc;nico. O Munic\u00edpio decidiu disponibilizar o servi\u00e7o &#8211; que tamb\u00e9m \u00e9 oferecido por sindicatos, contadores e consultores ambientais &#8211; devido ao baixo n\u00famero de transmiss\u00f5es do CAR registradas at\u00e9 o momento. Em Apucarana, 2.100 agricultores devem providenciar a regulariza\u00e7\u00e3o ambiental, cujo prazo termina ter\u00e7a-feira.<br \/><\/span><span style=\"letter-spacing: -0.02em; line-height: 1.45em; background-color: initial;\"><br \/>O CAR foi criado pela Lei 12.651\/12 e consiste num levantamento de informa\u00e7\u00f5es georreferenciadas do im\u00f3vel, com a delimita\u00e7\u00e3o das &Aacute;reas de Prote\u00e7\u00e3o Permanente (APP), Reserva Legal (RL), remanescentes de vegeta\u00e7\u00e3o nativa, \u00e1rea rural consolidada, \u00e1reas de interesse social e de utilidade p\u00fablica. No caso da propriedade de Tarc\u00edsio Bertasso, existe uma reserva legal cerca de um alqueire (20% da propriedade) e ainda h\u00e1 o C\u00f3rrego Maragogipe que corta a propriedade, sendo as margens do curso d&acute;\u00e1gua considerada uma &Aacute;rea de Prote\u00e7\u00e3o Permanente (APP).<\/span><\/p><\/p>\n","protected":false},"excerpt":{"rendered":"<p>Equipe da Sema vai trabalhar em hor&aacute;rio estendido, das 7 &agrave;s 19 horas para atender a todos que procurarem<\/p>\n","protected":false},"author":4,"featured_media":0,"comment_status":"closed","ping_status":"closed","sticky":false,"template":"","format":"standard","meta":{"footnotes":""},"categories":[24],"tags":[],"class_list":["post-2799","post","type-post","status-publish","format-standard","hentry","category-noticias"],"acf":[],"_links":{"self":[{"href":"http:\/\/www.apucarana.pr.gov.br\/site\/wp-json\/wp\/v2\/posts\/2799","targetHints":{"allow":["GET"]}}],"collection":[{"href":"http:\/\/www.apucarana.pr.gov.br\/site\/wp-json\/wp\/v2\/posts"}],"about":[{"href":"http:\/\/www.apucarana.pr.gov.br\/site\/wp-json\/wp\/v2\/types\/post"}],"author":[{"embeddable":true,"href":"http:\/\/www.apucarana.pr.gov.br\/site\/wp-json\/wp\/v2\/users\/4"}],"replies":[{"embeddable":true,"href":"http:\/\/www.apucarana.pr.gov.br\/site\/wp-json\/wp\/v2\/comments?post=2799"}],"version-history":[{"count":1,"href":"http:\/\/www.apucarana.pr.gov.br\/site\/wp-json\/wp\/v2\/posts\/2799\/revisions"}],"predecessor-version":[{"id":104081,"href":"http:\/\/www.apucarana.pr.gov.br\/site\/wp-json\/wp\/v2\/posts\/2799\/revisions\/104081"}],"wp:attachment":[{"href":"http:\/\/www.apucarana.pr.gov.br\/site\/wp-json\/wp\/v2\/media?parent=2799"}],"wp:term":[{"taxonomy":"category","embeddable":true,"href":"http:\/\/www.apucarana.pr.gov.br\/site\/wp-json\/wp\/v2\/categories?post=2799"},{"taxonomy":"post_tag","embeddable":true,"href":"http:\/\/www.apucarana.pr.gov.br\/site\/wp-json\/wp\/v2\/tags?post=2799"}],"curies":[{"name":"wp","href":"https:\/\/api.w.org\/{rel}","templated":true}]}}