{"id":27986,"date":"2019-11-14T16:08:15","date_gmt":"2019-11-14T18:08:15","guid":{"rendered":"http:\/\/172.16.0.7\/site-antigo\/?p=27986"},"modified":"2024-10-08T09:19:40","modified_gmt":"2024-10-08T12:19:40","slug":"prefeitura-lanca-concurso-de-decoracao-natalina","status":"publish","type":"post","link":"http:\/\/www.apucarana.pr.gov.br\/site\/prefeitura-lanca-concurso-de-decoracao-natalina\/","title":{"rendered":"Prefeitura lan\u00e7a concurso de decora\u00e7\u00e3o natalina"},"content":{"rendered":"<p>Visando estimular a ornamenta\u00e7\u00e3o da cidade, a Prefeitura de Apucarana promove pelo segundo ano consecutivo o concurso de decora\u00e7\u00e3o natalina \u201cNoite de Luz\u201d.\u00a0 Ser\u00e3o premiadas as tr\u00eas melhores decora\u00e7\u00f5es residenciais dentro do objetivo de representar a tradi\u00e7\u00e3o do Natal e manter o esp\u00edrito natalino.<br \/>\n\u201cEstamos lan\u00e7ando hoje esse concurso de decora\u00e7\u00e3o natalina como um est\u00edmulo a mais para os apucaranenses criarem um ambiente especial nesta \u00e9poca t\u00e3o especial do ano, deixando a cidade mais bonita e iluminada\u201d, disse o prefeito Junior da Femac.<br \/>\nAs inscri\u00e7\u00f5es s\u00e3o gratuitas e iniciam na pr\u00f3xima segunda-feira (18), seguindo at\u00e9 dia 13 de dezembro. As fichas devem ser retiradas na Secretaria Municipal da Promo\u00e7\u00e3o Art\u00edstica, Cultural e Tur\u00edstica de\u00a0Apucarana\u00a0(Promatur), localizada no Cine Teatro F\u00eanix, ou no site da prefeitura <a href=\"http:\/\/www.apucarana.pr.gov.br\">www.apucarana.pr.gov.br<\/a>.<br \/>\nNo per\u00edodo de 16 a 23 de dezembro, as decora\u00e7\u00f5es inscritas v\u00e3o receber visita da comiss\u00e3o avaliadora do concurso. \u201cOs crit\u00e9rios que avaliados s\u00e3o esp\u00edrito natalino, beleza e criatividade\u201d, informa a secret\u00e1ria da Promatur, Maria Agar. Ela observa que ser\u00e1 analisada somente a decora\u00e7\u00e3o externa, instaladas nas fachadas e jardins das resid\u00eancias.<br \/>\nA divulga\u00e7\u00e3o do resultado ser\u00e1 nos primeiros dias de janeiro e a entrega das premia\u00e7\u00f5es vai ocorrer dentro das comemora\u00e7\u00f5es do anivers\u00e1rio da cidade. A casa melhor enfeitada receber\u00e1 R$ 1 mil, enquanto o 2\u00ba lugar ficar\u00e1 com R$ 800 e o 3\u00ba lugar com R$ 500. Mais informa\u00e7\u00f5es podem ser obtidas pelo telefone 3423-2944.<br \/>\nO concurso \u00e9 coordenado pela prefeitura, atrav\u00e9s da Secretaria Municipal da Promo\u00e7\u00e3o Art\u00edstica, Cultural e Tur\u00edstica de\u00a0Apucarana\u00a0(Promatur).<br \/>\n&nbsp;<br \/>\n&nbsp;<br \/>\n&nbsp;<br \/>\n&nbsp;<br \/>\n&nbsp;<br \/>\n&nbsp;<br \/>\n&nbsp;<\/p>\n","protected":false},"excerpt":{"rendered":"<p>Iniciativa entra no segundo ano com premia\u00e7\u00f5es \u00e0s tr\u00eas melhores decora\u00e7\u00f5es residenciais<\/p>\n","protected":false},"author":4,"featured_media":27987,"comment_status":"closed","ping_status":"open","sticky":false,"template":"","format":"standard","meta":{"footnotes":""},"categories":[24],"tags":[],"class_list":["post-27986","post","type-post","status-publish","format-standard","has-post-thumbnail","hentry","category-noticias"],"acf":[],"_links":{"self":[{"href":"http:\/\/www.apucarana.pr.gov.br\/site\/wp-json\/wp\/v2\/posts\/27986","targetHints":{"allow":["GET"]}}],"collection":[{"href":"http:\/\/www.apucarana.pr.gov.br\/site\/wp-json\/wp\/v2\/posts"}],"about":[{"href":"http:\/\/www.apucarana.pr.gov.br\/site\/wp-json\/wp\/v2\/types\/post"}],"author":[{"embeddable":true,"href":"http:\/\/www.apucarana.pr.gov.br\/site\/wp-json\/wp\/v2\/users\/4"}],"replies":[{"embeddable":true,"href":"http:\/\/www.apucarana.pr.gov.br\/site\/wp-json\/wp\/v2\/comments?post=27986"}],"version-history":[{"count":1,"href":"http:\/\/www.apucarana.pr.gov.br\/site\/wp-json\/wp\/v2\/posts\/27986\/revisions"}],"predecessor-version":[{"id":99974,"href":"http:\/\/www.apucarana.pr.gov.br\/site\/wp-json\/wp\/v2\/posts\/27986\/revisions\/99974"}],"wp:featuredmedia":[{"embeddable":true,"href":"http:\/\/www.apucarana.pr.gov.br\/site\/wp-json\/"}],"wp:attachment":[{"href":"http:\/\/www.apucarana.pr.gov.br\/site\/wp-json\/wp\/v2\/media?parent=27986"}],"wp:term":[{"taxonomy":"category","embeddable":true,"href":"http:\/\/www.apucarana.pr.gov.br\/site\/wp-json\/wp\/v2\/categories?post=27986"},{"taxonomy":"post_tag","embeddable":true,"href":"http:\/\/www.apucarana.pr.gov.br\/site\/wp-json\/wp\/v2\/tags?post=27986"}],"curies":[{"name":"wp","href":"https:\/\/api.w.org\/{rel}","templated":true}]}}