{"id":2798,"date":"2015-04-29T16:45:00","date_gmt":"2015-04-29T16:45:00","guid":{"rendered":"http:\/\/172.16.0.7\/site-antigo\/?p=2798"},"modified":"2024-10-08T09:10:57","modified_gmt":"2024-10-08T12:10:57","slug":"construtora-vistoria-terreno-do-centro-de-iniciacao-esportiva","status":"publish","type":"post","link":"http:\/\/www.apucarana.pr.gov.br\/site\/construtora-vistoria-terreno-do-centro-de-iniciacao-esportiva\/","title":{"rendered":"Construtora vistoria terreno do centro de inicia\u00e7\u00e3o esportiva"},"content":{"rendered":"<p><p><span style=\"letter-spacing: -0.02em; line-height: 1.45em; background-color: initial;\">Representantes da empreiteira On\u00e7a Constru\u00e7\u00f5es Ltda, de Cascavel, vencedora do processo de licita\u00e7\u00e3o, conheceram nesta quarta-feira (29\/04) a \u00e1rea destinada pela prefeitura para edifica\u00e7\u00e3o do Centro de Inicia\u00e7\u00e3o Esportiva (CIE) de Apucarana. Acompanhados do secret\u00e1rio Municipal de Esportes e Lazer, professor Paulo Aparecido Kisner (Paul\u00e3o), a vistoria aconteceu logo ap\u00f3s a assinatura do contrato, ocorrida no pr\u00e9dio da prefeitura.<br \/><\/span><span style=\"letter-spacing: -0.02em; line-height: 1.45em; background-color: initial;\"><br \/>A \u00e1rea, de 7 mil metros quadrados, fica junto ao Parque do Japira, no Jardim Am\u00e9rica, e os recursos para a obra, na ordem de R$4.163.721,93, foram conquistados a fundo perdido pelo prefeito Beto Preto junto ao Minist\u00e9rio do Esporte, do Governo Federal. &ldquo;O in\u00edcio desta obra \u00e9 aguardado com muito expectativa por toda a comunidade. O contrato vai agora para homologa\u00e7\u00e3o junto \u00e0 superintend\u00eancia Regional da Caixa Econ&ocirc;mica Federal, em Londrina, e a partir de ent\u00e3o a empreiteira estar\u00e1 autorizada a iniciar os trabalhos, que devem ser conclu\u00eddos em um prazo m\u00e1ximo de 210 dias, ou sete meses&rdquo;, informa o prefeito Beto Preto.<br \/><\/span><span style=\"letter-spacing: -0.02em; line-height: 1.45em; background-color: initial;\"><br \/>Apucarana foi contemplada com o &ldquo;Modelo III&rdquo; de CIE, o maior oferecido pelo Governo Federal dentro do programa. Ter\u00e1 \u00e1rea constru\u00edda de 3.750 metros quadrados e inclui um gin\u00e1sio poliesportivo com arquibancada para cerca de 200 pessoas. &ldquo;O projeto prev\u00ea ainda \u00e1rea de apoio para administra\u00e7\u00e3o, sala de professores e t\u00e9cnicos, vesti\u00e1rios, enfermaria, copa, dep\u00f3sito, academia e sanit\u00e1rio p\u00fablico&rdquo;, relata professor Paul\u00e3o, secret\u00e1rio municipal.<br \/><\/span><span style=\"letter-spacing: -0.02em; line-height: 1.45em; background-color: initial;\"><br \/>O CIE de Apucarana inclui ainda uma pista de atletismo, \u00e1reas para arremesso de peso e salto em altura e dist&acirc;ncia, todos de acordo com o padr\u00e3o oficial estabelecido pela Confedera\u00e7\u00e3o Brasileira de Atletismo.<br \/><\/span><span style=\"letter-spacing: -0.02em; line-height: 1.45em; background-color: initial;\"><br \/>O coordenador de gest\u00e3o da On\u00e7a Constru\u00e7\u00f5es, Juliano de Oliveira, informa que o recrutamento de pessoal para trabalhar na obra ter\u00e1 in\u00edcio em breve. &ldquo;Manteremos um escrit\u00f3rio na cidade para este e outros tr&acirc;mites. Na semana que vem devemos iniciar os trabalhos, sobretudo para correr atr\u00e1s das \u00faltimas documenta\u00e7\u00f5es e libera\u00e7\u00f5es necess\u00e1rias para iniciar a constru\u00e7\u00e3o logo que o contrato for homologado pelo governo&rdquo;, explica Oliveira, que esteve assessorando a s\u00f3cia-propriet\u00e1ria da empreiteira, Patr\u00edcia Borges, e a engenheira Jucelen Razera.<br \/><\/span><span style=\"letter-spacing: -0.02em; line-height: 1.45em; background-color: initial;\"><br \/>Morador das imedia\u00e7\u00f5es, o aposentado Eur\u00edpedes Batista Silv\u00e9rio, ficou bastante satisfeito com a confirma\u00e7\u00e3o da obra. &ldquo;Vai ser muito bom para toda a juventude desta regi\u00e3o, jardins Trabalhista, Central, Am\u00e9rica, Ponta Grossa, n\u00facleos Jo\u00e3o Goulart, Tancredo Neves, enfim, para toda a cidade. A administra\u00e7\u00e3o municipal est\u00e1 de parab\u00e9ns por esta conquista que vai valorizar muito este regi\u00e3o que precisava muito&rdquo;, disse.<\/p>\n<p><\/span><b style=\"letter-spacing: -0.02em; line-height: 1.45em; background-color: initial;\">CIE integra pol\u00edtica federal de desenvolvimento do esporte<br \/><\/b><span style=\"letter-spacing: -0.02em; line-height: 1.45em; background-color: initial;\"><b><br \/><\/b>Concebido pelo Minist\u00e9rio do Esporte no &acirc;mbito da segunda etapa do Programa de Acelera\u00e7\u00e3o do Crescimento (PAC 2), o Centro de Inicia\u00e7\u00e3o ao Esporte (CIE) tem como meta ampliar a oferta de infraestrutura de equipamento p\u00fablico esportivo qualificado, incentivando a inicia\u00e7\u00e3o esportiva em territ\u00f3rios de alta vulnerabilidade social. O projeto integra, num s\u00f3 espa\u00e7o f\u00edsico, atividades e a pr\u00e1tica de esportes voltados ao esporte de alto rendimento, estimulando a forma\u00e7\u00e3o de atletas entre crian\u00e7as e adolescentes.<br \/><\/span><span style=\"letter-spacing: -0.02em; line-height: 1.45em; background-color: initial;\"><br \/>Com gin\u00e1sios poliesportivos e outras estruturas, os CIEs podem receber at\u00e9 13 modalidades ol\u00edmpicas, sete paraol\u00edmpicas e uma n\u00e3o-ol\u00edmpica. &ldquo;O<\/span><span style=\"letter-spacing: -0.02em; line-height: 1.45em; background-color: initial;\"> CIE de Apucarana dever\u00e1 estimular ainda a prospec\u00e7\u00e3o de talentos e a forma\u00e7\u00e3o de atletas, al\u00e9m de poder receber competi\u00e7\u00f5es locais e regionais&rdquo;, destaca o prefeito Beto Preto.<br \/><\/span><span style=\"letter-spacing: -0.02em; line-height: 1.45em; background-color: initial;\"><br \/>Dentre algumas modalidades, as instala\u00e7\u00f5es do centro de Apucarana poder\u00e3o propiciar a pr\u00e1tica de atletismo, basquete, boxe, handebol, jud&ocirc;, taekwondo, voleibol, esgrima em cadeira de rodas, voleibol sentado, gin\u00e1stica r\u00edtmica, badminton, levantamento de peso, t\u00eanis de mesa, halterofilismo e futebol de sal\u00e3o.<\/span><\/p><\/p>\n","protected":false},"excerpt":{"rendered":"<p>A &aacute;rea, de 7 mil metros quadrados, fica junto ao Parque do Japira<\/p>\n","protected":false},"author":4,"featured_media":0,"comment_status":"closed","ping_status":"closed","sticky":false,"template":"","format":"standard","meta":{"footnotes":""},"categories":[24],"tags":[],"class_list":["post-2798","post","type-post","status-publish","format-standard","hentry","category-noticias"],"acf":[],"_links":{"self":[{"href":"http:\/\/www.apucarana.pr.gov.br\/site\/wp-json\/wp\/v2\/posts\/2798","targetHints":{"allow":["GET"]}}],"collection":[{"href":"http:\/\/www.apucarana.pr.gov.br\/site\/wp-json\/wp\/v2\/posts"}],"about":[{"href":"http:\/\/www.apucarana.pr.gov.br\/site\/wp-json\/wp\/v2\/types\/post"}],"author":[{"embeddable":true,"href":"http:\/\/www.apucarana.pr.gov.br\/site\/wp-json\/wp\/v2\/users\/4"}],"replies":[{"embeddable":true,"href":"http:\/\/www.apucarana.pr.gov.br\/site\/wp-json\/wp\/v2\/comments?post=2798"}],"version-history":[{"count":1,"href":"http:\/\/www.apucarana.pr.gov.br\/site\/wp-json\/wp\/v2\/posts\/2798\/revisions"}],"predecessor-version":[{"id":104082,"href":"http:\/\/www.apucarana.pr.gov.br\/site\/wp-json\/wp\/v2\/posts\/2798\/revisions\/104082"}],"wp:attachment":[{"href":"http:\/\/www.apucarana.pr.gov.br\/site\/wp-json\/wp\/v2\/media?parent=2798"}],"wp:term":[{"taxonomy":"category","embeddable":true,"href":"http:\/\/www.apucarana.pr.gov.br\/site\/wp-json\/wp\/v2\/categories?post=2798"},{"taxonomy":"post_tag","embeddable":true,"href":"http:\/\/www.apucarana.pr.gov.br\/site\/wp-json\/wp\/v2\/tags?post=2798"}],"curies":[{"name":"wp","href":"https:\/\/api.w.org\/{rel}","templated":true}]}}