{"id":27976,"date":"2019-11-14T13:59:05","date_gmt":"2019-11-14T15:59:05","guid":{"rendered":"http:\/\/172.16.0.7\/site-antigo\/?p=27976"},"modified":"2024-10-08T09:19:40","modified_gmt":"2024-10-08T12:19:40","slug":"alunos-das-escolas-municipais-participam-de-festival-de-basquete","status":"publish","type":"post","link":"http:\/\/www.apucarana.pr.gov.br\/site\/alunos-das-escolas-municipais-participam-de-festival-de-basquete\/","title":{"rendered":"Alunos das escolas municipais participam de festival de basquete"},"content":{"rendered":"<p>A Secretaria Municipal de Esportes, em parceria com a Autarquia Municipal de Educa\u00e7\u00e3o, promoveu nesta quinta-feira (14\/11) o 1\u00ba Festival de Basquete das Escolas Municipais. O evento, realizado no gin\u00e1sio do Complexo Esportivo Jos\u00e9 Ant\u00f4nio Basso (Lago\u00e3o), contou com a participa\u00e7\u00e3o de estudantes com idades entre 9 e 11 anos.<br \/>\nO prefeito Junior da Femac esteve no local, acompanhado da secret\u00e1ria municipal de Esportes, Jossuela Pinheiro. \u201c\u00c9 mais um festival que passa a integrar o calend\u00e1rio esportivo de Apucarana, a exemplo dos festivais de atletismo, nata\u00e7\u00e3o e gin\u00e1stica que foram criados pela gest\u00e3o Beto Preto\u201d, ressalta Junior da Femac.<br \/>\nConforme Junior da Femac, o festival re\u00fane alunos de sete escolas municipais onde funcionam as escolinhas de basquetebol. \u201c\u00c9 um trabalho de base que o Munic\u00edpio realiza em diversas modalidades, buscando incentivar o gosto pelo esporte e a revelar talentos. Muitas das crian\u00e7as que est\u00e3o participando do festival representar\u00e3o no futuro Apucarana em competi\u00e7\u00f5es como os JEP\u00b4s, JOJUP\u00b4s e JAP\u00b4s\u201d, frisa Junior da Femac.<br \/>\nJunior da Femac lembra que Apucarana em d\u00e9cadas passadas tinha muita tradi\u00e7\u00e3o no basquetebol, formando equipes que se destacaram no cen\u00e1rio estadual. \u201cQueremos resgatar a\u00a0 modalidade que formou grandes atletas e, para isso, estamos investindo forte na base para colher os frutos l\u00e1 na frente\u201d, pontua.<br \/>\nDe acordo com a secret\u00e1ria de esportes, o festival reuniu alunos das escolas municipais Bento Fernandes, Alcides Ramos, Papa Jo\u00e3o XXIII, Karel Kober, Mateus Leme, Luiz Carlos Prestes e Antonieta Lautenschlager. \u201cAs disputas ocorreram no masculino e no feminino, com a entrega de medalhas para as equipes que ficaram nas tr\u00eas primeiras coloca\u00e7\u00f5es\u201d, observa Jossuela, acrescentando que os estudantes s\u00e3o treinados pela professoras de educa\u00e7\u00e3o f\u00edsica Gisele de Souza Cruz e Evelyn Tami\u00e3o.<br \/>\nJossuela informa ainda que no dia 23, no Col\u00e9gio Mater Dei, ser\u00e1 realizado mais um festival de basquetebol. \u201cDesta vez com participantes das escolinhas que funcionam nos bairros, reunindo atletas com idades entre 12 e 14 anos, tanto de escolas p\u00fablicas quanto privadas\u201d, assinala a secret\u00e1ria municipal de Esportes.<\/p>\n","protected":false},"excerpt":{"rendered":"<p>O evento, realizado no gin\u00e1sio do &#8220;Lago\u00e3o&#8221;, contou com a participa\u00e7\u00e3o de estudantes com idades entre 9 e 11 anos. (Foto: PMA)<\/p>\n","protected":false},"author":4,"featured_media":27983,"comment_status":"closed","ping_status":"open","sticky":false,"template":"","format":"standard","meta":{"footnotes":""},"categories":[24],"tags":[],"class_list":["post-27976","post","type-post","status-publish","format-standard","has-post-thumbnail","hentry","category-noticias"],"acf":[],"_links":{"self":[{"href":"http:\/\/www.apucarana.pr.gov.br\/site\/wp-json\/wp\/v2\/posts\/27976","targetHints":{"allow":["GET"]}}],"collection":[{"href":"http:\/\/www.apucarana.pr.gov.br\/site\/wp-json\/wp\/v2\/posts"}],"about":[{"href":"http:\/\/www.apucarana.pr.gov.br\/site\/wp-json\/wp\/v2\/types\/post"}],"author":[{"embeddable":true,"href":"http:\/\/www.apucarana.pr.gov.br\/site\/wp-json\/wp\/v2\/users\/4"}],"replies":[{"embeddable":true,"href":"http:\/\/www.apucarana.pr.gov.br\/site\/wp-json\/wp\/v2\/comments?post=27976"}],"version-history":[{"count":1,"href":"http:\/\/www.apucarana.pr.gov.br\/site\/wp-json\/wp\/v2\/posts\/27976\/revisions"}],"predecessor-version":[{"id":99975,"href":"http:\/\/www.apucarana.pr.gov.br\/site\/wp-json\/wp\/v2\/posts\/27976\/revisions\/99975"}],"wp:featuredmedia":[{"embeddable":true,"href":"http:\/\/www.apucarana.pr.gov.br\/site\/wp-json\/"}],"wp:attachment":[{"href":"http:\/\/www.apucarana.pr.gov.br\/site\/wp-json\/wp\/v2\/media?parent=27976"}],"wp:term":[{"taxonomy":"category","embeddable":true,"href":"http:\/\/www.apucarana.pr.gov.br\/site\/wp-json\/wp\/v2\/categories?post=27976"},{"taxonomy":"post_tag","embeddable":true,"href":"http:\/\/www.apucarana.pr.gov.br\/site\/wp-json\/wp\/v2\/tags?post=27976"}],"curies":[{"name":"wp","href":"https:\/\/api.w.org\/{rel}","templated":true}]}}