{"id":2797,"date":"2015-04-29T16:11:00","date_gmt":"2015-04-29T16:11:00","guid":{"rendered":"http:\/\/172.16.0.7\/site-antigo\/?p=2797"},"modified":"2024-10-08T09:10:57","modified_gmt":"2024-10-08T12:10:57","slug":"triturador-soluciona-questao-ambiental-e-gera-recurso-para-municipio","status":"publish","type":"post","link":"http:\/\/www.apucarana.pr.gov.br\/site\/triturador-soluciona-questao-ambiental-e-gera-recurso-para-municipio\/","title":{"rendered":"Triturador soluciona quest\u00e3o ambiental e gera recurso para munic\u00edpio"},"content":{"rendered":"<p><p><span style=\"letter-spacing: -0.02em; line-height: 1.45em; background-color: initial;\">A prefeitura de Apucarana adquiriu com recursos pr\u00f3prios da ordem de R$ 146 mil uma m\u00e1quina para triturar galhos e lenha oriundos da poda urbana de \u00e1rvores. Com o equipamento, que deve come\u00e7ar a operar em cerca de 120 dias no p\u00e1tio de m\u00e1quinas, o descarte do material deixa de ser feito em locais improvisados.<\/span><\/p>\n<p>Os galhos finos e folhas trituradas nesta m\u00e1quina v\u00e3o ser encaminhados para Secretaria Municipal da Agricultura, que por sua vez vai destinar o material para os agricultores cadastrados Programa Terra Forte. &ldquo;Esse produto pode ser usado na forra\u00e7\u00e3o dos galp\u00f5es de frango, na cobertura da coroa das mudas frut\u00edferas e como adubo org&acirc;nico&rdquo;, detalha o secret\u00e1rio do Meio Ambiente, Ewerton Pires.<\/p>\n<p>J\u00e1 o destino dos galhos grossos e troncos vai continuar sendo comercial, mas com a vantagem de agregar valor ao produto final. Hoje esse material \u00e9 vendido atrav\u00e9s de leil\u00e3o p\u00fablico ao pre\u00e7o de R$ 30 a R$ 35 a tonelada. Depois de triturado esse mesmo produto vai a leil\u00e3o p\u00fablico a R$ 90 e R$ 95 a tonelada, podendo ser usado tamb\u00e9m para forra\u00e7\u00e3o dos galp\u00f5es de frango e como combust\u00edvel para queima em caldeiras. &ldquo;Al\u00e9m resolver quest\u00e3o ambiental, a aquisi\u00e7\u00e3o desse triturador vai gerar recursos para munic\u00edpio&rdquo;, observa Pires.<\/p>\n<p>O prazo de 120 dias para in\u00edcio da opera\u00e7\u00e3o do triturador \u00e9 justificado pela necessidade de realizar obras civis, como a da sua fixa\u00e7\u00e3o (instala\u00e7\u00e3o) numa base de concreto e a constru\u00e7\u00e3o de um barrac\u00e3o para cobertura do equipamento, obra que exige um processo de licita\u00e7\u00e3o. &ldquo;A cobertura \u00e9 uma condi\u00e7\u00e3o essencial para evitar que o material molhe e perca, consequentemente, valor no mercado, mas serve tamb\u00e9m para abafar ru\u00eddo e evitar polui\u00e7\u00e3o sonora&rdquo;, explica Pires.<\/p>\n<p><\/p>\n","protected":false},"excerpt":{"rendered":"<p>Prefeitura adquiriu equipamento com recursos pr&oacute;prios para triturar galhos de podas de &aacute;rvores<\/p>\n","protected":false},"author":4,"featured_media":0,"comment_status":"closed","ping_status":"closed","sticky":false,"template":"","format":"standard","meta":{"footnotes":""},"categories":[24],"tags":[],"class_list":["post-2797","post","type-post","status-publish","format-standard","hentry","category-noticias"],"acf":[],"_links":{"self":[{"href":"http:\/\/www.apucarana.pr.gov.br\/site\/wp-json\/wp\/v2\/posts\/2797","targetHints":{"allow":["GET"]}}],"collection":[{"href":"http:\/\/www.apucarana.pr.gov.br\/site\/wp-json\/wp\/v2\/posts"}],"about":[{"href":"http:\/\/www.apucarana.pr.gov.br\/site\/wp-json\/wp\/v2\/types\/post"}],"author":[{"embeddable":true,"href":"http:\/\/www.apucarana.pr.gov.br\/site\/wp-json\/wp\/v2\/users\/4"}],"replies":[{"embeddable":true,"href":"http:\/\/www.apucarana.pr.gov.br\/site\/wp-json\/wp\/v2\/comments?post=2797"}],"version-history":[{"count":1,"href":"http:\/\/www.apucarana.pr.gov.br\/site\/wp-json\/wp\/v2\/posts\/2797\/revisions"}],"predecessor-version":[{"id":104083,"href":"http:\/\/www.apucarana.pr.gov.br\/site\/wp-json\/wp\/v2\/posts\/2797\/revisions\/104083"}],"wp:attachment":[{"href":"http:\/\/www.apucarana.pr.gov.br\/site\/wp-json\/wp\/v2\/media?parent=2797"}],"wp:term":[{"taxonomy":"category","embeddable":true,"href":"http:\/\/www.apucarana.pr.gov.br\/site\/wp-json\/wp\/v2\/categories?post=2797"},{"taxonomy":"post_tag","embeddable":true,"href":"http:\/\/www.apucarana.pr.gov.br\/site\/wp-json\/wp\/v2\/tags?post=2797"}],"curies":[{"name":"wp","href":"https:\/\/api.w.org\/{rel}","templated":true}]}}