{"id":2796,"date":"2015-04-29T15:45:00","date_gmt":"2015-04-29T15:45:00","guid":{"rendered":"http:\/\/172.16.0.7\/site-antigo\/?p=2796"},"modified":"2024-10-08T09:10:58","modified_gmt":"2024-10-08T12:10:58","slug":"sarau-de-poesias-da-rede-municipal-de-educacao-emociona-o-publico","status":"publish","type":"post","link":"http:\/\/www.apucarana.pr.gov.br\/site\/sarau-de-poesias-da-rede-municipal-de-educacao-emociona-o-publico\/","title":{"rendered":"Sarau de Poesias da rede municipal de educa\u00e7\u00e3o emociona o p\u00fablico"},"content":{"rendered":"<p><p>Os alunos das escolas municipais de Apucarana encantaram o p\u00fablico, essa semana, no Cine Teatro F\u00eanix, com a apresenta\u00e7\u00e3o de dois saraus de poesias. Na segunda-feira (27), o primeiro recital foi protagonizado pelas crian\u00e7as do 1\u00ba ao 3\u00ba ano, enquanto que o outro, na ter\u00e7a (28), teve como principais personagens os alunos do 4\u00ba e do 5\u00ba ano do ensino fundamental.<\/p>\n<p>As apresenta\u00e7\u00f5es foram o ponto alto de um projeto liter\u00e1rio desenvolvido pela Autarquia Municipal de Educa\u00e7\u00e3o em toda a sua rede de ensino, com o objetivo de estimular a oralidade e a escrita dos estudantes.<\/p>\n<p>Durante os meses de mar\u00e7o e abril, os professores apresentaram \u00e0s suas turmas as obras de diversos autores brasileiros e propuseram exerc\u00edcios que foram desde a leitura de poemas, a ilustra\u00e7\u00e3o e a confec\u00e7\u00e3o de cartazes, at\u00e9 a produ\u00e7\u00e3o textual e a organiza\u00e7\u00e3o de recitais escolares. Os alunos que se apresentaram no Cine F\u00eanix foram aqueles que se sobressa\u00edram nas atividades desenvolvidas pelas institui\u00e7\u00f5es de ensino. <\/p>\n<p>Nas duas noites, as crian\u00e7as foram avaliadas por uma comiss\u00e3o julgadora independente, formada por profissionais das \u00e1reas de comunica\u00e7\u00e3o, educa\u00e7\u00e3o e cultura. Todos os participantes foram condecorados com medalhas.<\/p>\n<p>Na segunda-feira, a crian\u00e7a escolhida como destaque foi Vin\u00edcius Teixeira Antunes, do 2\u00ba ano da Escola Municipal Presidente M\u00e9dici, que declamou a poesia &ldquo;O Pato&rdquo;, de Vin\u00edcius de Moraes. J\u00e1 na ter\u00e7a, empataram em primeiro lugar os alunos &Aacute;gatha Lana Pereira de Souza Oliveira, do 4\u00ba ano da Escola Municipal Fernando Jos\u00e9 Acosta, com o texto &ldquo;Leil\u00e3o de Jardim&rdquo; de Cec\u00edlia Meireles, e Yuri Jacson Inoc\u00eancio, do 4\u00ba ano da Escola Municipal Humberto de Alencar Castelo Branco, com o poema &ldquo;Quando eu era pequenino&rdquo; de S\u00e9rgio Capparelli.<\/p>\n<p>O projeto de literatura da AME tamb\u00e9m envolveu os estudantes da Educa\u00e7\u00e3o de Jovens e Adultos, cujo recital de poesias j\u00e1 havia sido realizado no in\u00edcio do m\u00eas.<\/p>\n<p><\/p>\n","protected":false},"excerpt":{"rendered":"<p>As apresenta&ccedil;&otilde;es foram o ponto alto de um projeto liter&aacute;rio desenvolvido pela AME em toda a sua rede de ensino, com o objetivo de estimular a oralidade e a escrita dos estudantes.<\/p>\n","protected":false},"author":4,"featured_media":0,"comment_status":"closed","ping_status":"closed","sticky":false,"template":"","format":"standard","meta":{"footnotes":""},"categories":[24],"tags":[],"class_list":["post-2796","post","type-post","status-publish","format-standard","hentry","category-noticias"],"acf":[],"_links":{"self":[{"href":"http:\/\/www.apucarana.pr.gov.br\/site\/wp-json\/wp\/v2\/posts\/2796","targetHints":{"allow":["GET"]}}],"collection":[{"href":"http:\/\/www.apucarana.pr.gov.br\/site\/wp-json\/wp\/v2\/posts"}],"about":[{"href":"http:\/\/www.apucarana.pr.gov.br\/site\/wp-json\/wp\/v2\/types\/post"}],"author":[{"embeddable":true,"href":"http:\/\/www.apucarana.pr.gov.br\/site\/wp-json\/wp\/v2\/users\/4"}],"replies":[{"embeddable":true,"href":"http:\/\/www.apucarana.pr.gov.br\/site\/wp-json\/wp\/v2\/comments?post=2796"}],"version-history":[{"count":1,"href":"http:\/\/www.apucarana.pr.gov.br\/site\/wp-json\/wp\/v2\/posts\/2796\/revisions"}],"predecessor-version":[{"id":104084,"href":"http:\/\/www.apucarana.pr.gov.br\/site\/wp-json\/wp\/v2\/posts\/2796\/revisions\/104084"}],"wp:attachment":[{"href":"http:\/\/www.apucarana.pr.gov.br\/site\/wp-json\/wp\/v2\/media?parent=2796"}],"wp:term":[{"taxonomy":"category","embeddable":true,"href":"http:\/\/www.apucarana.pr.gov.br\/site\/wp-json\/wp\/v2\/categories?post=2796"},{"taxonomy":"post_tag","embeddable":true,"href":"http:\/\/www.apucarana.pr.gov.br\/site\/wp-json\/wp\/v2\/tags?post=2796"}],"curies":[{"name":"wp","href":"https:\/\/api.w.org\/{rel}","templated":true}]}}