{"id":2794,"date":"2015-04-29T11:21:59","date_gmt":"2015-04-29T11:21:59","guid":{"rendered":"http:\/\/172.16.0.7\/site-antigo\/?p=2794"},"modified":"2024-10-08T09:10:58","modified_gmt":"2024-10-08T12:10:58","slug":"apucarana-se-mobiliza-para-mais-um-dia-do-desafio","status":"publish","type":"post","link":"http:\/\/www.apucarana.pr.gov.br\/site\/apucarana-se-mobiliza-para-mais-um-dia-do-desafio\/","title":{"rendered":"Apucarana se mobiliza para mais um Dia do Desafio"},"content":{"rendered":"<\/p>\n<p>O Servi\u00e7o Social do Com\u00e9rcio (Sesc) e a Secretaria Municipal da Promo\u00e7\u00e3o Art\u00edstica, Cultural e Tur\u00edstica (Promatur) lan\u00e7aram nesta quarta-feira (29\/904) a 18\u00aa edi\u00e7\u00e3o do Challenge Day (Dia do Desafio). O evento ocorreu no Cine Teatro F\u00eanix, reunindo representantes de institui\u00e7\u00f5es de ensino, empresas, entidades, organiza\u00e7\u00f5es militares e secretarias municipais. O Dia do Desafio vai ocorrer no dia 27 de maio e a cidade que vai disputar contra Apucarana ainda ser\u00e1 definida por sorteio.<\/p>\n<p>Com o objetivo de driblar a inatividade, o Dia do Desafio \u00e9 um evento anual que acontece de forma simult&acirc;nea em diversos pa\u00edses toda \u00faltima quarta-feira do m\u00eas de maio, onde cidades do mesmo porte populacional protagonizam uma disputa saud\u00e1vel, sendo considerada a vencedora aquela que aquela que mobiliza mais pessoas na pr\u00e1tica de uma atividade f\u00edsica durante pelo menos 15 minutos consecutivos.<\/p>\n<p>A professora Maria Agar, secret\u00e1ria municipal da Promo\u00e7\u00e3o Art\u00edstica, Cultural e Tur\u00edstica, destaca que Apucarana det\u00e9m 17 t\u00edtulos consecutivos, tendo no ano passado superado em participa\u00e7\u00e3o popular o munic\u00edpio de Cardenas, na prov\u00edncia de Matanzas, em Cuba.&ldquo;Apucarana mobilizou 77,69% da popula\u00e7\u00e3o, contra 58,22% da cidade cubana. Esperamos neste ano o \u00eaxito dos anos anteriores e isso vai depender da participa\u00e7\u00e3o de todos os segmentos. Por isso, pedimos que todos j\u00e1 pensem o que poderia ser feito de diferente, de in\u00e9dito&rdquo;, orienta.<\/p>\n<p>Maria Agar solicita ainda que as institui\u00e7\u00f5es participantes informem at\u00e9 o dia 20 de maio as atividades que ser\u00e3o desenvolvidas, o que poder\u00e1 ser feito atrav\u00e9s do e-mail <a href=\"mailto:direcaoteatro@gmail.com\">direcaoteatro@gmail.com<\/a> ou pelos telefones 3423-2944 (Cine F\u00eanix) ou 3308-2500 (Sesc Apucarana). J\u00e1 no dia do evento, fotos das atividades dever\u00e3o ser enviadas atrav\u00e9s do whatsapp (9619-0117 ou 9966-6769) e que ser\u00e3o postadas no site sescsp.org\/br\/diadodesafio\/apucarana<\/p>\n<p>Alline Rodrigues, gerente do Sesc de Apucarana, lembra que o Dia do Desafio \u00e9 um evento mundial adotado pelo Sesc e desenvolvido em parceria com as prefeituras. &ldquo;O objetivo \u00e9 estimular mudan\u00e7as de comportamento da popula\u00e7\u00e3o, incentivando a pr\u00e1tica de atividades em benef\u00edcio da sa\u00fade&rdquo;, ressalta Alline. De acordo com ela, os h\u00e1 ainda outros princ\u00edpios que norteiam o evento, entre os quais est\u00e3o a acessibilidade, envolvimento, divers\u00e3o, diversidade, seguran\u00e7a. confiabilidade, \u00e9tica, cidadania e benef\u00edcios para a comunidade.<\/p>\n<p>Outra meta, conforme a gerente do Sesc, \u00e9 fortalecer os v\u00ednculos entre as entidades parceiras, formando uma rede de solidariedade. &ldquo;Cada parceiro agrega valor ao evento, contribuindo da forma que achar conveniente. Unindo for\u00e7as, esperamos um Dia do Desafio com qualidade e com seguran\u00e7a&rdquo;, completa, citando que Apucarana j\u00e1 disputou contra cidades brasileiras e tamb\u00e9m de Cuba, Panam\u00e1, Col&ocirc;mbia, Venezuela, M\u00e9xico e Chile. <\/p>\n<p><\/p>\n","protected":false},"excerpt":{"rendered":"<p>Evento vai ocorrer no dia 27 de maio e cidade busca o 18&ordm; t&iacute;tulo consecutivo<\/p>\n","protected":false},"author":4,"featured_media":0,"comment_status":"closed","ping_status":"closed","sticky":false,"template":"","format":"standard","meta":{"footnotes":""},"categories":[24],"tags":[],"class_list":["post-2794","post","type-post","status-publish","format-standard","hentry","category-noticias"],"acf":[],"_links":{"self":[{"href":"http:\/\/www.apucarana.pr.gov.br\/site\/wp-json\/wp\/v2\/posts\/2794","targetHints":{"allow":["GET"]}}],"collection":[{"href":"http:\/\/www.apucarana.pr.gov.br\/site\/wp-json\/wp\/v2\/posts"}],"about":[{"href":"http:\/\/www.apucarana.pr.gov.br\/site\/wp-json\/wp\/v2\/types\/post"}],"author":[{"embeddable":true,"href":"http:\/\/www.apucarana.pr.gov.br\/site\/wp-json\/wp\/v2\/users\/4"}],"replies":[{"embeddable":true,"href":"http:\/\/www.apucarana.pr.gov.br\/site\/wp-json\/wp\/v2\/comments?post=2794"}],"version-history":[{"count":1,"href":"http:\/\/www.apucarana.pr.gov.br\/site\/wp-json\/wp\/v2\/posts\/2794\/revisions"}],"predecessor-version":[{"id":104086,"href":"http:\/\/www.apucarana.pr.gov.br\/site\/wp-json\/wp\/v2\/posts\/2794\/revisions\/104086"}],"wp:attachment":[{"href":"http:\/\/www.apucarana.pr.gov.br\/site\/wp-json\/wp\/v2\/media?parent=2794"}],"wp:term":[{"taxonomy":"category","embeddable":true,"href":"http:\/\/www.apucarana.pr.gov.br\/site\/wp-json\/wp\/v2\/categories?post=2794"},{"taxonomy":"post_tag","embeddable":true,"href":"http:\/\/www.apucarana.pr.gov.br\/site\/wp-json\/wp\/v2\/tags?post=2794"}],"curies":[{"name":"wp","href":"https:\/\/api.w.org\/{rel}","templated":true}]}}