{"id":2792,"date":"2015-04-28T16:12:59","date_gmt":"2015-04-28T16:12:59","guid":{"rendered":"http:\/\/172.16.0.7\/site-antigo\/?p=2792"},"modified":"2024-10-08T09:10:58","modified_gmt":"2024-10-08T12:10:58","slug":"rua-rosa-tambem-vai-receber-asfalto","status":"publish","type":"post","link":"http:\/\/www.apucarana.pr.gov.br\/site\/rua-rosa-tambem-vai-receber-asfalto\/","title":{"rendered":"Rua Rosa tamb\u00e9m vai receber asfalto"},"content":{"rendered":"<p><p><span style=\"letter-spacing: -0.02em; line-height: 1.45em; background-color: initial;\">Em reuni\u00e3o mantida na noite de ontem (27), com moradores da Rua Rosa, no Jardim das Flores, foi confirmada a pavimenta\u00e7\u00e3o asf\u00e1ltica da via pela Prefeitura de Apucarana. As obras ser\u00e3o iniciadas de imediato.<br \/><\/span><span style=\"letter-spacing: -0.02em; line-height: 1.45em; background-color: initial;\"><br \/>O superintendente da Secretaria de rela\u00e7\u00f5es com a Comunidade, La\u00e9rcio de Morais, levou a mensagem do prefeito Beto Preto aos moradores da regi\u00e3o. Segundo ele, atualmente a prefeitura j\u00e1 est\u00e1 trabalhando na pavimenta\u00e7\u00e3o da Rua Margarida e, mediante um aditivo no contrato desta obra, est\u00e1 sendo viabilizado tamb\u00e9m o asfalto para a Rua Rosa. <br \/><\/span><span style=\"letter-spacing: -0.02em; line-height: 1.45em; background-color: initial;\"><br \/>A reuni\u00e3o havia sido marcada pelo vice-prefeito Junior da Femac, mas tanto ele, como o prefeito, tiveram que se ausentar da cidade para cumprir compromissos em Curitiba e Bras\u00edlia. &ldquo;J\u00e1 come\u00e7amos a trabalhar na Rua Rosa, onde o asfalto vai sair junto com o da Rua Margarida&rdquo;, confirmou ontem o prefeito.<br \/><\/span><span style=\"letter-spacing: -0.02em; line-height: 1.45em; background-color: initial;\"><br \/>O aposentado Carlos Aparecido de Souza diz que o asfalto era esperado pelos moradores da Rua Rosa a mais de 30 anos. &ldquo;Est\u00e1vamos sofrendo muito com o barro e a poeira e depois de muitas promessas n\u00e3o cumpridas em gest\u00f5es anteriores, enfim o asfalto est\u00e1 chegando na nossa rua&rdquo;, comentou.<\/span><\/p><\/p>\n","protected":false},"excerpt":{"rendered":"<p>As obras ser&atilde;o iniciadas de imediato<\/p>\n","protected":false},"author":4,"featured_media":0,"comment_status":"closed","ping_status":"closed","sticky":false,"template":"","format":"standard","meta":{"footnotes":""},"categories":[24],"tags":[],"class_list":["post-2792","post","type-post","status-publish","format-standard","hentry","category-noticias"],"acf":[],"_links":{"self":[{"href":"http:\/\/www.apucarana.pr.gov.br\/site\/wp-json\/wp\/v2\/posts\/2792","targetHints":{"allow":["GET"]}}],"collection":[{"href":"http:\/\/www.apucarana.pr.gov.br\/site\/wp-json\/wp\/v2\/posts"}],"about":[{"href":"http:\/\/www.apucarana.pr.gov.br\/site\/wp-json\/wp\/v2\/types\/post"}],"author":[{"embeddable":true,"href":"http:\/\/www.apucarana.pr.gov.br\/site\/wp-json\/wp\/v2\/users\/4"}],"replies":[{"embeddable":true,"href":"http:\/\/www.apucarana.pr.gov.br\/site\/wp-json\/wp\/v2\/comments?post=2792"}],"version-history":[{"count":1,"href":"http:\/\/www.apucarana.pr.gov.br\/site\/wp-json\/wp\/v2\/posts\/2792\/revisions"}],"predecessor-version":[{"id":104088,"href":"http:\/\/www.apucarana.pr.gov.br\/site\/wp-json\/wp\/v2\/posts\/2792\/revisions\/104088"}],"wp:attachment":[{"href":"http:\/\/www.apucarana.pr.gov.br\/site\/wp-json\/wp\/v2\/media?parent=2792"}],"wp:term":[{"taxonomy":"category","embeddable":true,"href":"http:\/\/www.apucarana.pr.gov.br\/site\/wp-json\/wp\/v2\/categories?post=2792"},{"taxonomy":"post_tag","embeddable":true,"href":"http:\/\/www.apucarana.pr.gov.br\/site\/wp-json\/wp\/v2\/tags?post=2792"}],"curies":[{"name":"wp","href":"https:\/\/api.w.org\/{rel}","templated":true}]}}