{"id":2791,"date":"2015-04-28T16:05:59","date_gmt":"2015-04-28T16:05:59","guid":{"rendered":"http:\/\/172.16.0.7\/site-antigo\/?p=2791"},"modified":"2024-10-08T09:10:58","modified_gmt":"2024-10-08T12:10:58","slug":"campanha-de-vacinacao-contra-a-gripe-comeca-no-dia-4-em-apucarana","status":"publish","type":"post","link":"http:\/\/www.apucarana.pr.gov.br\/site\/campanha-de-vacinacao-contra-a-gripe-comeca-no-dia-4-em-apucarana\/","title":{"rendered":"Campanha de vacina\u00e7\u00e3o contra a gripe come\u00e7a no dia 4 em Apucarana"},"content":{"rendered":"<p><p><span style=\"letter-spacing: -0.02em; line-height: 1.45em; background-color: initial;\">Com a meta de vacinar 34.971 pessoas, a Autarquia Municipal de Sa\u00fade de Apucarana vai realizar a Campanha de Vacina\u00e7\u00e3o Contra a Gripe entre os dias 4 e 22 de maio. Neste per\u00edodo o p\u00fablico alvo pode procurar, entre segunda e sexta-feira qualquer Unidade B\u00e1sica de Sa\u00fade (UBS) do munic\u00edpio, entre 8 e 17 horas.<\/span><\/p>\n<p>O dia &ldquo;D&rdquo; da campanha, no dia 9 de maio, ser\u00e1 lan\u00e7ado oficialmente com uma solenidade \u00e0s 8 horas, no posto de sa\u00fade Pedro Barreto, no distrito da Vila Reis, como a presen\u00e7a do prefeito Beto Preto. Neste dia, todos os postos de sa\u00fade v\u00e3o disponibilizar a vacina \u00e0 popula\u00e7\u00e3o, entre 8 e 17 horas.<\/p>\n<p>A campanha \u00e9 voltada para os grupos que s\u00e3o mais vulner\u00e1veis \u00e0s complica\u00e7\u00f5es da gripe. Al\u00e9m de pessoas com 60 anos ou mais, ser\u00e3o vacinados os trabalhadores de sa\u00fade, os povos ind\u00edgenas, as crian\u00e7as na faixa et\u00e1ria de 6 meses a menores de 5 anos de idade (4 anos, 11 meses e 29 dias), as gestantes, as pu\u00e9rperas (at\u00e9 45 dias ap\u00f3s o parto), e os grupos portadores de doen\u00e7as cr&ocirc;nicas n\u00e3o transmiss\u00edveis e outras condi\u00e7\u00f5es cl\u00ednicas especiais, os quais devem apresentar uma prescri\u00e7\u00e3o m\u00e9dica na hora da vacina\u00e7\u00e3o. <\/p>\n<p>A vacina protege contra os tr\u00eas subtipos do v\u00edrus da gripe que mais circularam no inverno do ano passado &mdash; H1N1, H3N2 e influenza B &mdash;, conforme recomenda\u00e7\u00e3o da Organiza\u00e7\u00e3o Mundial da Sa\u00fade (OMS). Agripediminui a resist\u00eancia do organismo a outrasinfec\u00e7\u00f5es, facilitando a instala\u00e7\u00e3o de bact\u00e9rias que causam pneumonias,otites, sinusites, amigdalites e outras doen\u00e7as.<\/p>\n<p><\/p>\n","protected":false},"excerpt":{"rendered":"<p>Autarquia Municipal de Sa&uacute;de anuncia a meta de imunizar 34.971 pessoas<\/p>\n","protected":false},"author":4,"featured_media":0,"comment_status":"closed","ping_status":"closed","sticky":false,"template":"","format":"standard","meta":{"footnotes":""},"categories":[24],"tags":[],"class_list":["post-2791","post","type-post","status-publish","format-standard","hentry","category-noticias"],"acf":[],"_links":{"self":[{"href":"http:\/\/www.apucarana.pr.gov.br\/site\/wp-json\/wp\/v2\/posts\/2791","targetHints":{"allow":["GET"]}}],"collection":[{"href":"http:\/\/www.apucarana.pr.gov.br\/site\/wp-json\/wp\/v2\/posts"}],"about":[{"href":"http:\/\/www.apucarana.pr.gov.br\/site\/wp-json\/wp\/v2\/types\/post"}],"author":[{"embeddable":true,"href":"http:\/\/www.apucarana.pr.gov.br\/site\/wp-json\/wp\/v2\/users\/4"}],"replies":[{"embeddable":true,"href":"http:\/\/www.apucarana.pr.gov.br\/site\/wp-json\/wp\/v2\/comments?post=2791"}],"version-history":[{"count":1,"href":"http:\/\/www.apucarana.pr.gov.br\/site\/wp-json\/wp\/v2\/posts\/2791\/revisions"}],"predecessor-version":[{"id":104089,"href":"http:\/\/www.apucarana.pr.gov.br\/site\/wp-json\/wp\/v2\/posts\/2791\/revisions\/104089"}],"wp:attachment":[{"href":"http:\/\/www.apucarana.pr.gov.br\/site\/wp-json\/wp\/v2\/media?parent=2791"}],"wp:term":[{"taxonomy":"category","embeddable":true,"href":"http:\/\/www.apucarana.pr.gov.br\/site\/wp-json\/wp\/v2\/categories?post=2791"},{"taxonomy":"post_tag","embeddable":true,"href":"http:\/\/www.apucarana.pr.gov.br\/site\/wp-json\/wp\/v2\/tags?post=2791"}],"curies":[{"name":"wp","href":"https:\/\/api.w.org\/{rel}","templated":true}]}}