{"id":2790,"date":"2015-04-30T14:48:00","date_gmt":"2015-04-30T14:48:00","guid":{"rendered":"http:\/\/172.16.0.7\/site-antigo\/?p=2790"},"modified":"2024-10-08T09:10:57","modified_gmt":"2024-10-08T12:10:57","slug":"apucarana-sedia-mostra-paranaense-de-danca","status":"publish","type":"post","link":"http:\/\/www.apucarana.pr.gov.br\/site\/apucarana-sedia-mostra-paranaense-de-danca\/","title":{"rendered":"Apucarana sedia Mostra Paranaense de Dan\u00e7a"},"content":{"rendered":"<p><span style=\"letter-spacing: -0.02em; line-height: 1.45em; background-color: initial;\">Apucarana recebe a Mostra Paranaense de Dan\u00e7a neste fim de semana. O evento \u00e9 promovido pela Associa\u00e7\u00e3o dos Bailarinos e Apoiadores do Teatro Guair\u00e1 em parceria com a prefeitura da cidade, atrav\u00e9s da Secretaria Municipal da Promo\u00e7\u00e3o Art\u00edstica Cultural e Tur\u00edstica.<\/span><\/p>\n<p>A mostra ser\u00e1 uma das etapas seletivas que aconteceram em 5 cidades do estado e posteriormente reunir\u00e1 os grupos em destaque, num grande evento em Curitiba, sediado no Teatro Gua\u00edra.<\/p>\n<p>A etapa seletiva da Mostra acontecer\u00e1 no Cine Teatro F\u00eanix nos dias 01, 02 e 03 de maio. Na abertura, amanh\u00e3, a partir das 20 horas, com entrada franca, o p\u00fablico poder\u00e1 assistir o Bal\u00e9 Teatro Gua\u00edra, com Tr&acirc;nsito e Orikis. Tr&acirc;nsito trata da diversidade r\u00edtmica e formal. Sua fonte foram ritmos tribais de culturas distintas organizados pelo compositor Cl\u00e1udio Dauelsberg, diversidade que tamb\u00e9m aparece na movimenta\u00e7\u00e3o c\u00eanica, sempre linear e seca. A core\u00f3grafa acredita que o tr&acirc;nsito \u00e9 o movimento inexor\u00e1vel e que \u00e9 imposs\u00edvel n\u00e3o se submeter a ele. J\u00e1 Orikis \u00e9 inspirado na m\u00fasica de Vadji. Ana Vit\u00f3ria partiu do princ\u00edpio de que ORI \u00e9 cabe\u00e7a e nela est\u00e3o concentradas todas as caracter\u00edsticas dos Orix\u00e1s. O trabalho \u00e9 calcado no ritmo e impulsionado pela explora\u00e7\u00e3o da tem\u00e1tica ritual\u00edstica.<\/p>\n<p>Os ingressos para abertura da Mostra de Dan\u00e7a s\u00e3o limitados e dever\u00e3o ser retirados somente na bilheteria do teatro, a partir das 18 horas, no dia do evento.<\/p>\n<p>J\u00e1 nos dias 02 e 03 de maio (s\u00e1bado e domingo), o espet\u00e1culo ter\u00e1 inicio a partir das 18 horas com ingressos a venda na bilheteria do teatro, a partir das 17 horas, com valor fixado em R$ 8,00 (inteira) e R$ 4,00 (meia). Os ingressos s\u00e3o limitados a 480 unidades, j\u00e1 que este \u00e9 o n\u00famero de poltronas existentes no Cine Teatro F\u00eanix. Nestes dias a programa\u00e7\u00e3o prev\u00ea coreografias para seletiva de Apucarana, com a apresenta\u00e7\u00e3o de mais de 130 grupos da regi\u00e3o norte do Paran\u00e1, como segue na lista em anexo.<\/p>\n<\/p>\n<p><b>Confira a programa\u00e7\u00e3o:<\/b><\/p>\n<p><b>02\/05\/2015 &#8211; 18h<\/b><span>1 &ndash; Dan\u00e7&#039;Arte &ndash;<b>Allegreto<\/b>&ndash; 2&rsquo;54&rdquo;<br \/> 2 &#8211; Cia do Corpo Centro de Artes &ndash;<b>Intricadas<\/b>&ndash; 3&rsquo;03&rdquo;<br \/> 3 &#8211; Escola de Artes Movere &ndash;<b>Reden\u00e7\u00e3o<\/b>&ndash; 3&rsquo;55&rdquo;<br \/> 4 &#8211; Cristiane Ferreira \/ Ballet Devant &ndash;<b>Princesas<\/b>&ndash; 4&rsquo;15&rdquo;<br \/> 5 &#8211; Academia Marcia Angeli &#8211;<b>La Fille Mal Gard\u00e9e<\/b>&ndash; 1&rsquo;33&rdquo;<br \/> 6 &#8211; Associa\u00e7\u00e3o Centro de Dan\u00e7a Cia do Corpo &#8211;<b>Faces do Amor<\/b>&ndash; 2&rsquo;49&rdquo;<br \/> 7 &#8211; Dan\u00e7&#039;Arte &#8211;<b>Varia\u00e7\u00e3o Feminina de Amiga de Kitry<\/b>&ndash; 1&rsquo;30&rsquo;<br \/> 8 &#8211; Ballet Regina Mundi &#8211;<b>Magia das Luzes<\/b>&ndash; 4&rsquo;00&rdquo;<br \/> 9 &#8211; Funda\u00e7\u00e3o Cultural de Ibipor\u00e3 &#8211;<b>&Aacute;guas Primaveris<\/b>&ndash; 2&rsquo;04&rdquo;<br \/> 10 &#8211; Associa\u00e7\u00e3o Centro de Dan\u00e7a Cia do Corpo &ndash;<b>Esmeralda<\/b>&ndash; 1&rsquo;31&rdquo;<br \/> 11 &#8211; Cia de Dan\u00e7a Nara Carolina &ndash;<b>Colegiais<\/b>&ndash; 3&rsquo;32&rdquo;<br \/> 12 &#8211; Escola de Artes Movere &ndash;<b>Remember<\/b>&ndash; 4&rsquo;13&rdquo;<br \/> 13 &#8211; Clat\u00e9 Cia de Dan\u00e7a &ndash;<b>F\u00e9<\/b>&ndash; 3&rsquo;52&rdquo;<br \/> 14 &#8211; Associa\u00e7\u00e3o Centro de Dan\u00e7a Cia do Corpo &#8211;<b>Chamas de Paris<\/b>&ndash; 1&rsquo;06&rdquo;<br \/> 15 &#8211; Dan\u00e7&#039;Arte &#8211;<b>Bodas de Aurora<\/b>&ndash; 2&rsquo;30&rdquo;<br \/> 16 &#8211; Cristiane Ferreira \/ Ballet Devant &#8211;<b>Brincando de Dan\u00e7ar<\/b>&ndash; 3&rsquo;00&rdquo;<br \/> 17 &#8211; Cia do Corpo Centro de Artes &#8211;<b>Sobre Efeito Tons<\/b>&ndash; 3&rsquo;06&rdquo;<br \/> 18 &#8211; Academia Marcia Angeli &ndash;<b>Giselle<\/b>&ndash; 2&rsquo;12&rdquo;<br \/> 19 &#8211; Funda\u00e7\u00e3o Cultural de Ibipor\u00e3 &ndash;<b>Cupido<\/b>&ndash; 1&rsquo;00&rdquo;<br \/> 20 &#8211; Cia do Corpo Centro de Artes &ndash;<b>Diacronismo<\/b>&ndash; 257&rdquo;<br \/> 21 &#8211; Escola de Artes Movere &#8211;<b>Clark Bomb<\/b>&ndash; 2&rsquo;32&rdquo;<br \/> 22 &#8211; Dan\u00e7&#039;Arte &#8211;<b>Princesa Florine<\/b>&ndash; 1&rsquo;15&rdquo;<br \/> 23 &#8211; Ballet Regina Mundi &#8211;<b>Me Vino<\/b>&ndash; 3&rsquo;00&rdquo;<br \/> 24 &#8211; FUNCART &#8211; Zona Norte &#8211;<b>Le Cabaret<\/b>&ndash; 4&rsquo;21&rdquo;<br \/> 25 &#8211; Associa\u00e7\u00e3o Centro de Dan\u00e7a Cia do Corpo &#8211;<b>Fada A\u00e7ucarada<\/b>&ndash; 2&rsquo;26&rdquo;<br \/> 26 &#8211; Academia Marcia Angeli &#8211;<b>Chamas de Paris<\/b>&ndash; 1&rsquo;06&rdquo;<br \/> 27 &#8211; Funda\u00e7\u00e3o Cultural de Ibipor\u00e3 &ndash;<b>Harlequinade<\/b>&ndash; 2&rsquo;00&rdquo;<br \/> 28 &#8211; Dan\u00e7&#039;Arte &#8211;<b>Fada da Fortuna<\/b>&ndash; 0&rsquo;39&rdquo;<br \/> 29 &#8211; Associa\u00e7\u00e3o Centro de Dan\u00e7a Cia do Corpo &ndash;<b>Paquita<\/b>&ndash; 1&rsquo;21&rdquo;<br \/> 30 &#8211; Escola de Artes Movere &ndash;<b>Cigana<\/b>&ndash; 4&rsquo;44&rdquo;<br \/> 31 &#8211; Cristiane Ferreira \/ Ballet Devant &ndash;<b>P\u00e9rolas<\/b>&ndash; 7&rsquo;05&rdquo;<br \/> 32 &#8211; Academia Marcia Angeli &ndash;<b>Cupido<\/b>&ndash; 1&rsquo;01&rdquo;<br \/> 33 &#8211; Cia do Corpo Centro de Artes &#8211;<b>A Espera<\/b>&ndash; 2&rsquo;10&rdquo;<br \/> 34 &#8211; Jazz Dance Espa\u00e7o Nelson Verri &#8211;<b>Ch\u00e3o de Giz<\/b>&ndash; 4&rsquo;33&rdquo;<br \/> 35 &#8211; Dan\u00e7&#039;Arte &#8211;<b>Ciranda da Bailarina<\/b>&ndash; 3&rsquo;00&rdquo;<br \/> <b>INTERVALO36 &#8211; Funda\u00e7\u00e3o Cultural de Ibipor\u00e3 &#8211;<b>Princesa Florine<\/b>&ndash; 1&rsquo;09&rdquo;<br \/> 37 &#8211; Associa\u00e7\u00e3o Centro de Dan\u00e7a Cia do Corpo &#8211;<b>Bonecos M\u00e1gicos<\/b>&ndash; 3&rsquo;25&rdquo;<br \/> 38 &#8211; Way Dance &ndash;<b>Move<\/b>&ndash; 3&rsquo;30&rdquo;<br \/> 39 &#8211; Escola de Artes Movere &#8211;<b>Turn of The Lights<\/b>&ndash; 3&rsquo;51&rdquo;<br \/> 40 &#8211; Academia Marcia Angeli &ndash;<b>Paysant<\/b>&ndash; 1&rsquo;13&rdquo;<br \/> 41 &#8211; Cia do Corpo Centro de Artes &#8211;<b>Entregue-se<\/b>&ndash; 3&rsquo;08&rdquo;<br \/> 42 &#8211; Dan\u00e7&#039;Arte &#8211;<b>Fada da Beleza<\/b>&ndash; 1&rsquo;15&rdquo;<br \/> 43 &#8211; Funda\u00e7\u00e3o Cultural de Ibipor\u00e3 &#8211;<b>Valsa das Amigas de Clara<\/b>&ndash; 7&rsquo;04&rdquo;<br \/> 44 &#8211; Cia do Corpo Centro de Artes &ndash;<b>Fragmentos<\/b>&ndash; 2&rsquo;18&rdquo;<br \/> 45 &#8211; Cristiane Ferreira \/ Ballet Devant &ndash;<b>Encanto<\/b>&ndash; 2&rsquo;30&rsquo;<br \/> 46 &#8211; Escola de Artes Movere &#8211;<b>Copo e Bota<\/b>&ndash; 2&rsquo;06&rdquo;<br \/> 47 &#8211; Academia Marcia Angeli &#8211;<b>Le Corsaire Jardin Anime<\/b>&ndash; 1&rsquo;13&rdquo;<br \/> 48 &#8211; Associa\u00e7\u00e3o Centro de Dan\u00e7a Cia do Corpo &#8211;<b>Espere Um Minuto<\/b>&ndash; 2&rsquo;23&rdquo;<br \/> 49 &#8211; Dan\u00e7&#039;Arte &#8211;<b>Kitri 3o. Ato<\/b>&ndash; 1&rsquo;15&rdquo;<br \/> 50 &#8211; FUNCART &#8211; Zona Norte &#8211;<b>A Favela<\/b>&ndash; 7&rsquo;50&rsquo;<br \/> 51 &#8211; Funda\u00e7\u00e3o Cultural de Ibipor\u00e3 &#8211;<b>Passant Giselle<\/b>&ndash; 0&rsquo;53&rdquo;<br \/> 52 &#8211; Associa\u00e7\u00e3o Centro de Dan\u00e7a Cia do Corpo &#8211;<b>Pensando Alto<\/b>&ndash; 3&rsquo;35&rdquo;<br \/> 53 &#8211; Academia Marcia Angeli &#8211;<b>Bodas de Aurora<\/b>&ndash; 1&rsquo;58&rdquo;<br \/> 54 &#8211; Dan\u00e7&#039;Arte &ndash;<b>Life<\/b>&ndash; 3&rsquo;00&rdquo;<br \/> 55 &#8211; Associa\u00e7\u00e3o Centro de Dan\u00e7a Cia do Corpo &#8211;<b>Descalabro do Que Era<\/b>&ndash; 2&rsquo;53&rdquo;<br \/> 56 &#8211; Escola de Artes Movere &#8211;<b>Amor Bandido<\/b>&ndash; 2&rsquo;32&rdquo;<br \/> 57 &#8211; Funda\u00e7\u00e3o Cultural de Ibipor\u00e3 &ndash;<b>Ciranda<\/b>&ndash; 2&rsquo;47&rdquo;<br \/> 58 &#8211; Associa\u00e7\u00e3o Centro de Dan\u00e7a Cia do Corpo &ndash;<b>&Iacute;gneo<\/b>&ndash; 3&rsquo;12&rdquo;<br \/> 59 &#8211; Cristiane Ferreira \/ Ballet Devant &ndash;<b>Anunciadoras<\/b>&ndash; 3&rsquo;35&rdquo;<br \/> 60 &#8211; Ballet Regina Mundi &ndash;<b>Trolls<\/b>&ndash; 4&rsquo;00&rdquo;<br \/> 61 &#8211; Dan\u00e7&#039;Arte &ndash;<b>Cupido<\/b>&ndash; 0&rsquo;55&rdquo;<br \/> 62 &#8211; Academia Marcia Angeli &#8211;<b>Varia\u00e7\u00e3o Medora<\/b>&ndash; 1&rsquo;01&rdquo;<br \/> 63 &#8211; Cia do Corpo Centro de Artes &ndash;<b>Ciganas<\/b>&ndash; 2&rsquo;38&rdquo;<br \/> 64 &#8211; Escola de Artes Movere &#8211;<b>Joker Funk<\/b>&ndash; 1&rsquo;54&rdquo;<br \/> 65 &#8211; Funda\u00e7\u00e3o Cultural de Ibipor\u00e3 &#8211;<b>Sensa\u00e7\u00f5es Memoriais<\/b>&ndash; 6&rsquo;00&rdquo;<br \/> 66 &#8211; Dan\u00e7&#039;Arte &ndash;<b>Desafio<\/b>&ndash; 1&rsquo;15&rdquo;<br \/> 67 &#8211; Cia do Corpo Centro de Artes &#8211;<b>Almas Vazias<\/b>&ndash; 5&rsquo;27&rdquo;<br \/> 68 &#8211; Clat\u00e9 Cia de Dan\u00e7a &#8211;<b>Patas Sujas<\/b>&ndash; 4&rsquo;35&rdquo; <\/p>\n<p> <b>03\/05\/2015 &ndash; 18h1 &ndash; Cia de Dan\u00e7a do Centro da Juventude &#8211;<b>As Gra\u00e7as<\/b>&ndash; 2&rsquo;47&rdquo;<br \/> 2 &#8211; Ballet Nara Dutra &#8211;<b>Pas de Deux A Filha<br \/>\ndo Fara\u00f3 &#8211; O Casamento III Ato<\/b>&ndash; 3&rsquo;32&rdquo;<br \/> 3 &#8211; Escola Municipal de Dan\u00e7a de Londrina &#8211;<b>Solo Feminino de Paysant<\/b>&ndash; 1&rsquo;15&rdquo;<br \/> 4 &#8211; FUNCART &#8211; Zona Norte &#8211;<b>La Dance de Trois<\/b>&ndash; 3&rsquo;14&rdquo;<br \/> 5 &ndash; CONEXART &#8211;<b>Solo P\u00e1ssaro Azul<\/b>&ndash; 1&rsquo;09&rdquo;<br \/> 6 &#8211; Ballet Nara Dutra &ndash;<b>Ostenta\u00e7\u00e3o<\/b>&ndash; 2&rsquo;53&rdquo;<br \/> 7 &#8211; Academia Nielice Camargo &#8211;<b>O Despertar de Flora<\/b>&ndash; 2&rsquo;37&rdquo;<br \/> 8 &#8211; Academia Daisa Poltronieri &#8211;<b>Valsa das Horas<\/b>&ndash; 4&rsquo;08&rdquo;<br \/> 9 &#8211; Ballet Pavlova de Apucarana &ndash;<b>Palha\u00e7os<\/b>&ndash; 4&rsquo;09&rdquo;<br \/> 10 &#8211; Ballet Nara Dutra &#8211;<b>A Filha do Far\u00e1o &#8211; Varia\u00e7\u00e3o Feminina de Asp\u00edcia &#8211; II Ato<\/b>&ndash; 1&rsquo;21&rdquo;<br \/> 11 &#8211; Maktub Dan\u00e7a do Ventre &#8211;<b>Dan\u00e7a do Cairo<\/b>&ndash; 4&rsquo;23&rdquo;<br \/> 12 &#8211; Escola Municipal de Dan\u00e7a de Londrina &#8211;<b>Solo Masculino Harlequinade<\/b>&ndash; 1&rsquo;22&rdquo;<br \/> 13 &#8211; Escola Rui Barbosa &#8211;<b>Meu Esconderijo &#8220;Eu&#8221;<\/b>&ndash; 2&rsquo;23&rdquo;<br \/> 14 &#8211; Grupo Erastos \/ BND &#8211;<b>Giselle Peasant Pas Variation<\/b>&ndash; 1&rsquo;15&rdquo;<br \/> 15 &#8211; Cia de Dan\u00e7a do Centro da Juventude &ndash;<b>Chopiniana<\/b>&ndash; 6&rsquo;10&rdquo;<br \/> 16 &#8211; FUNCART &#8211; Zona Norte &ndash;<b>Carmen<\/b>&ndash; 2&rsquo;29&rdquo;<br \/> 17 &ndash; Freestyle &#8211;<b>Boa Noite<\/b>&ndash; 1&rsquo;54&rdquo;<br \/> 18 &#8211; Projeto em Movimento &ndash;<b>Passantes<\/b>&ndash; 3&rsquo;33&rdquo;<br \/> 19 &#8211; Ballet Nara Dutra &#8211;<b>Pas de Trois Odaliscas &#8211; Le Corsaire &#8211; III Ato<\/b>&ndash; 6&rsquo;00&rdquo;<br \/> 20 &ndash; CONEXART &#8211;<b>Solo Esmeralda<\/b>&ndash; 1&rsquo;35&rdquo;<br \/> 21 &#8211; Escola Municipal de Dan\u00e7a de Londrina &#8211;<b>Solo O Cupido<\/b>&ndash; 1&rsquo;00&rdquo;<br \/> 22 &#8211; Entrepassos Cia de Dan\u00e7a NAFI &ndash; CEFE &#8211; UEL &ndash;<b>Chandelier<\/b>&ndash; 4&rsquo;06&rdquo;<br \/> 23 &ndash; Ballet Nara Dutra &#8211;<b>La Fille Mal Garde\u00e9<\/b>&ndash; 1&rsquo;41&rdquo;<br \/> 24 &#8211; Academia Nielice Camargo &#8211;<b>Petits Enfants<\/b>&ndash; 2&rsquo;57&rdquo;<br \/> 25 &#8211; Escola Municipal de Dan\u00e7a de Apucarana &#8211;<b>Virtude e Criatividade<\/b>&ndash; 4&rsquo;17&rdquo;<br \/> 26 &#8211; Cia de Dan\u00e7a do Centro da Juventude &ndash;<b>Abanicos<\/b>&ndash; 2&rsquo;47&rdquo;<br \/> 27 &#8211; Ballet Nara Dutra &ndash;<b>Cerejeiras<\/b>&ndash; 2&rsquo;18&rdquo;<br \/> 28 &#8211; Maktub Dan\u00e7a do Ventre &ndash;<b>Turmalina<\/b>&ndash; 3&rsquo;20&rdquo;<br \/> 29 &#8211; Academia Daisa Poltronieri &ndash;<b>Mazurka<\/b>&ndash; 4&rsquo;20&rdquo;<br \/> 30 &#8211; Escola Municipal de Dan\u00e7a de Londrina &#8211;<b>Solo Feminino Harlequinade<\/b>&ndash; 2&rsquo;00&rdquo;<br \/> 31 &#8211; Grupo Erastos \/ BND &#8211;<b>Quanto Tempo o Tempo Tem?<\/b>&ndash; 5&rsquo;00&rdquo;<br \/> 32 &ndash; CONEXART &#8211;<b>Solo La Bayad\u00e9re<\/b>&ndash; 1&rsquo;19&rdquo;<br \/> 33 &#8211; FUNCART &#8211; Zona Norte &#8211;<b>Varia\u00e7\u00e3o Masculina de Paquita<\/b>&ndash; 1&rsquo;03&rdquo;<\/b><\/b><\/span><\/p>\n<p><b><b>  <\/p>\n<p> <b>INTERVALO<\/b><br \/> 34 &#8211; PS Brasil Cia de Dan\u00e7a &ndash;<b>Chegamos<\/b>&ndash; 4&rsquo;26&rdquo;<br \/> 35 &#8211; Grupo Erastos \/ BND &#8211;<b>N\u00e3o o Poder de Recordar, Sim o Poder de Esquecer<\/b>&ndash; 3&rsquo;15&rdquo;<br \/> 36 &#8211; Grupo de Dan\u00e7a Studio A &#8211;<b>Minha Irm\u00e3 Minha Diva<\/b>&ndash; 2&rsquo;12&rdquo;<br \/> 37 &#8211; Academia Nielice Camargo &#8211;<b>Paysant na Gala<\/b>&ndash; 1&rsquo;01&rdquo;<br \/> 38 &#8211; Escola Municipal de Dan\u00e7a de Londrina &#8211;<b>Grand Pas de Deux O Cors\u00e1rio<\/b>&ndash; 8&rsquo;00&rdquo;<br \/> 39 &#8211; Ballet Nara Dutra &ndash;<b>Mandachuvas<\/b>&ndash; 4&rsquo;02&rdquo;<br \/> 40 &#8211; Ballet Funda\u00e7\u00e3o Educere &#8211;<b>Fluidez Inquieta<\/b>&ndash; 2&rsquo;58&rdquo;<br \/> 41 &#8211; Ballet Pavlova de Apucarana &#8211; Xeque Mate &#8211;<b>O Medo Joga com Voc\u00ea<\/b>&ndash; 3&rsquo;21&rdquo;<br \/> 42 &#8211; Cia de Dan\u00e7a do Centro da Juventude &#8211;<b>Estica e Puxa<\/b>&ndash; 5&rsquo;00&rdquo;<br \/> 43 &#8211; Grupo Erastos \/ BND &ndash;<b>Altivas<\/b>&ndash; 4&rsquo;47&rdquo;<br \/> 44 &#8211; Maktub Dan\u00e7a do Ventre &ndash;<b>Nefertiti<\/b>&ndash; 3&rsquo;31&rdquo;<br \/> 45 &ndash; CONEXART &#8211;<b>Solo Cupido<\/b>&ndash; 1&rsquo;04&rdquo;<br \/> 46 &#8211; Escola Municipal de Dan\u00e7a de Londrina &#8211;<b>Solo Fada A\u00e7ucarada O Quebra-Nozes<\/b>&ndash; 2&rsquo;22&rdquo;<br \/> 47 &#8211; FUNCART &#8211; Zona Norte &#8211;<b>Varia\u00e7\u00e3o Feminina de Giselle<\/b>&ndash; 2&rsquo;04&rdquo;<br \/> 48 &#8211; Academia Nielice Camargo &#8211;<b>As Deusas do Destino<\/b>&ndash; 2&rsquo;26&rdquo;<br \/> 49 &#8211; Grupo Erastos \/ BND &ndash;<b>Labuta<\/b>&ndash; 3&rsquo;07&rdquo;<br \/> 50 &ndash; Freestyle &ndash;<b>Self<\/b>&ndash; 2&rsquo;00&rdquo;<br \/> 51 &#8211; Escola Municipal de Dan\u00e7a de Londrina &#8211;<b>Desafio de Kitri<\/b>&ndash; 1&rsquo;00&rdquo;<br \/> 52 &#8211; Academia Daisa Poltronieri &ndash;<b>Tato<\/b>&ndash; 3&rsquo;04&rdquo;<br \/> 53 &#8211; Escola Rui Barbosa &ndash;<b>Obje\u00e7\u00e3o<\/b>&ndash; 2&rsquo;30&rdquo;<br \/> 54 &#8211; Projeto em Movimento &ndash;<b>Serene<\/b>&ndash; 3&rsquo;20&rsquo;<br \/> 55 &#8211; Ballet Nara Dutra &#8211;<b>O Fabuloso Destino de Amelie Poulain<\/b>&ndash; 2&rsquo;32&rdquo;<br \/> 56 &#8211; Cia de Dan\u00e7a do Centro da Juventude &#8211;<b>Na Lata<\/b>&ndash; 5&rsquo;00&rdquo;<br \/> 57 &#8211; Academia Nielice Camargo &#8211;<b>N\u00e3o Chore e Dance<\/b>&ndash; 2&rsquo;20&rdquo;<br \/> 58 &ndash; CONEXART &#8211;<b>Odalisca Alada<\/b>&ndash; 2&rsquo;46&rdquo;<br \/> 59 &#8211; Escola Municipal de Dan\u00e7a de Londrina &ndash;<b>Medora<\/b>&ndash; 1&rsquo;27&rdquo;<br \/> 60 &#8211; Maktub Dan\u00e7a do Ventre &#8211;<b>O Poder de Bastet<\/b>&ndash; 3&rsquo;28&rdquo;<br \/> 61 &#8211; Grupo Magalh\u00e3es &#8211;<b>Until We Die<\/b>&ndash; 3&rsquo;34&rdquo;<br \/> 62 &#8211; Grupo Erastos \/ BND &#8211;<b>Entre Dois Muros Marchemos<\/b>&ndash; 8&rsquo;00&rdquo;<\/p>\n<p><\/b><\/b><\/p>\n","protected":false},"excerpt":{"rendered":"<p>Evento acontece amanh&atilde;, s&aacute;bado e domingo no Cine Teatro F&ecirc;nix<\/p>\n","protected":false},"author":4,"featured_media":0,"comment_status":"closed","ping_status":"closed","sticky":false,"template":"","format":"standard","meta":{"footnotes":""},"categories":[24],"tags":[],"class_list":["post-2790","post","type-post","status-publish","format-standard","hentry","category-noticias"],"acf":[],"_links":{"self":[{"href":"http:\/\/www.apucarana.pr.gov.br\/site\/wp-json\/wp\/v2\/posts\/2790","targetHints":{"allow":["GET"]}}],"collection":[{"href":"http:\/\/www.apucarana.pr.gov.br\/site\/wp-json\/wp\/v2\/posts"}],"about":[{"href":"http:\/\/www.apucarana.pr.gov.br\/site\/wp-json\/wp\/v2\/types\/post"}],"author":[{"embeddable":true,"href":"http:\/\/www.apucarana.pr.gov.br\/site\/wp-json\/wp\/v2\/users\/4"}],"replies":[{"embeddable":true,"href":"http:\/\/www.apucarana.pr.gov.br\/site\/wp-json\/wp\/v2\/comments?post=2790"}],"version-history":[{"count":1,"href":"http:\/\/www.apucarana.pr.gov.br\/site\/wp-json\/wp\/v2\/posts\/2790\/revisions"}],"predecessor-version":[{"id":104079,"href":"http:\/\/www.apucarana.pr.gov.br\/site\/wp-json\/wp\/v2\/posts\/2790\/revisions\/104079"}],"wp:attachment":[{"href":"http:\/\/www.apucarana.pr.gov.br\/site\/wp-json\/wp\/v2\/media?parent=2790"}],"wp:term":[{"taxonomy":"category","embeddable":true,"href":"http:\/\/www.apucarana.pr.gov.br\/site\/wp-json\/wp\/v2\/categories?post=2790"},{"taxonomy":"post_tag","embeddable":true,"href":"http:\/\/www.apucarana.pr.gov.br\/site\/wp-json\/wp\/v2\/tags?post=2790"}],"curies":[{"name":"wp","href":"https:\/\/api.w.org\/{rel}","templated":true}]}}