{"id":2789,"date":"2015-04-28T13:57:59","date_gmt":"2015-04-28T13:57:59","guid":{"rendered":"http:\/\/172.16.0.7\/site-antigo\/?p=2789"},"modified":"2024-10-08T09:10:58","modified_gmt":"2024-10-08T12:10:58","slug":"apucarana-implanta-sistema-municipal-de-cultura","status":"publish","type":"post","link":"http:\/\/www.apucarana.pr.gov.br\/site\/apucarana-implanta-sistema-municipal-de-cultura\/","title":{"rendered":"Apucarana implanta Sistema Municipal de Cultura"},"content":{"rendered":"<\/p>\n<p><span style=\"letter-spacing: -0.02em; line-height: 1.45em; background-color: initial;\">Reunindo representantes das mais diversas \u00e1reas art\u00edsticas do munic\u00edpio, foi realizada ontem (27) no gabinete do prefeito Beto Preto, a solenidade de implanta\u00e7\u00e3o do Sistema Municipal de Cultura. A comunidade cultural presente foi conclamada a participar e buscar o envolvimento do meio art\u00edstico em que est\u00e1 inserida visando criar na cidade uma nova realidade art\u00edstico-cultural.<\/span><\/p>\n<p><span style=\"letter-spacing: -0.02em; line-height: 1.45em; background-color: initial;\">  <\/p>\n<p><b><u>Click nos links de \u00e1udio acima<\/u><\/b><\/p>\n<p>  <\/span><\/p>\n<p>O primeiro passo pr\u00e1tico \u00e9 envolver a comunidade da \u00e1rea para forma\u00e7\u00e3o do Conselho Municipal da Cultura, que paralelamente ao Fundo Municipal de Cultura vai cumprir as condi\u00e7\u00f5es b\u00e1sicas para trazer para o munic\u00edpio recursos dos or\u00e7amentos das esferas federais e estaduais destinados a cultura, com o munic\u00edpio garantindo consequentemente sua contrapartida. <\/p>\n<p>&ldquo;A participa\u00e7\u00e3o da comunidade \u00e9 de extrema import&acirc;ncia para compormos o conselho. J\u00e1 temos a lei elaborada e estamos finalizando os detalhes jur\u00eddicos para concretizarmos este objetivo. Eu, como secret\u00e1ria municipal, e o prefeito Beto Preto acreditamos na for\u00e7a da arte para mudar a realidade da comunidade&rdquo;, afirmou a secret\u00e1ria da Promo\u00e7\u00e3o Art\u00edstica, Cultural e Tur\u00edstica, Maria Agar.<\/p>\n<p>O agente cultural e assessor do munic\u00edpio para implantar o Sistema Municipal de Cultura, Rog\u00e9rio Carnasciali, observou que mais de uma centena de munic\u00edpios do Paran\u00e1 j\u00e1 est\u00e3o recebendo recursos p\u00fablicos nos mesmos moldes do que est\u00e1 sendo almejado em Apucarana. Isso foi poss\u00edvel a partir do momento que se organizaram como estamos fazendo a partir de agora. Isso vai permitir a concretiza\u00e7\u00e3o de projetos culturais, mudando a realidade local neste aspecto&rdquo;, disse Carnasciali.<\/p>\n<p>A partir da reuni\u00e3o de hoje, ser\u00e3o dados os primeiros passos para forma\u00e7\u00e3o do Conselho Municipal Cultural, que busca a representa\u00e7\u00e3o de todas as \u00e1reas art\u00edsticas. &ldquo;Esse processo que estamos iniciando aqui hoje \u00e9 uma valoriza\u00e7\u00e3o da cultura da nossa cidade. Juntos podemos dar for\u00e7a uns aos outros e divulgar essa iniciativa, buscando o maior envolvimento poss\u00edvel de pessoas&rdquo;, conclamou Benedito C&acirc;ndido da Silva, que na ocasi\u00e3o representava o campus da Unespar, em Apucarana.<\/p>\n<p>A reuni\u00e3o teve a presen\u00e7a da artista pl\u00e1stica Hiltrud Frisch Carvalho; da professora de piano M&ocirc;nica Frisch Carvalho; escritor Thiago Zardo, da artista pl\u00e1stica Rosimary Montini; professora de m\u00fasica Lurdinha Correa; professora de literatura Leni Fernandes Zulim; professora de artes Maria Elisa Menegazzo de Souza; do presidente da Academia de Letras, Artes e Ci\u00eancias Centro Norte do Paran\u00e1, Artur Palu Filho; representantes do Rotary, Lions, SESC, SESI, da Banda Municipal, dos Grafiteiros, entre outros. O prefeito Beto Preto, que estava de viagem a Curitiba a servi\u00e7o do munic\u00edpio, foi representado na reuni\u00e3o pelo secret\u00e1rio de governo, S\u00e9rgio Luiz Barroso.<\/p>\n<p><\/p>\n","protected":false},"excerpt":{"rendered":"<p>Munic&iacute;pio busca envolvimento da classe art&iacute;stica na cria&ccedil;&atilde;o da estrutura necess&aacute;ria para capta&ccedil;&atilde;o de recursos<\/p>\n","protected":false},"author":4,"featured_media":0,"comment_status":"closed","ping_status":"closed","sticky":false,"template":"","format":"standard","meta":{"footnotes":""},"categories":[24],"tags":[],"class_list":["post-2789","post","type-post","status-publish","format-standard","hentry","category-noticias"],"acf":[],"_links":{"self":[{"href":"http:\/\/www.apucarana.pr.gov.br\/site\/wp-json\/wp\/v2\/posts\/2789","targetHints":{"allow":["GET"]}}],"collection":[{"href":"http:\/\/www.apucarana.pr.gov.br\/site\/wp-json\/wp\/v2\/posts"}],"about":[{"href":"http:\/\/www.apucarana.pr.gov.br\/site\/wp-json\/wp\/v2\/types\/post"}],"author":[{"embeddable":true,"href":"http:\/\/www.apucarana.pr.gov.br\/site\/wp-json\/wp\/v2\/users\/4"}],"replies":[{"embeddable":true,"href":"http:\/\/www.apucarana.pr.gov.br\/site\/wp-json\/wp\/v2\/comments?post=2789"}],"version-history":[{"count":1,"href":"http:\/\/www.apucarana.pr.gov.br\/site\/wp-json\/wp\/v2\/posts\/2789\/revisions"}],"predecessor-version":[{"id":104090,"href":"http:\/\/www.apucarana.pr.gov.br\/site\/wp-json\/wp\/v2\/posts\/2789\/revisions\/104090"}],"wp:attachment":[{"href":"http:\/\/www.apucarana.pr.gov.br\/site\/wp-json\/wp\/v2\/media?parent=2789"}],"wp:term":[{"taxonomy":"category","embeddable":true,"href":"http:\/\/www.apucarana.pr.gov.br\/site\/wp-json\/wp\/v2\/categories?post=2789"},{"taxonomy":"post_tag","embeddable":true,"href":"http:\/\/www.apucarana.pr.gov.br\/site\/wp-json\/wp\/v2\/tags?post=2789"}],"curies":[{"name":"wp","href":"https:\/\/api.w.org\/{rel}","templated":true}]}}