{"id":2786,"date":"2015-04-27T16:00:00","date_gmt":"2015-04-27T16:00:00","guid":{"rendered":"http:\/\/172.16.0.7\/site-antigo\/?p=2786"},"modified":"2024-10-08T09:10:58","modified_gmt":"2024-10-08T12:10:58","slug":"saude-prepara-registro-de-precos-para-aquisicao-de-medicamentos","status":"publish","type":"post","link":"http:\/\/www.apucarana.pr.gov.br\/site\/saude-prepara-registro-de-precos-para-aquisicao-de-medicamentos\/","title":{"rendered":"Sa\u00fade prepara registro de pre\u00e7os para aquisi\u00e7\u00e3o de medicamentos"},"content":{"rendered":"<\/p>\n<p><span style=\"letter-spacing: -0.02em; line-height: 1.45em; background-color: initial;\">A Autarquia Municipal de Sa\u00fade (AMS) da Prefeitura de Apucarana j\u00e1 trabalha na montagem do edital de registro de pre\u00e7os visando futuras aquisi\u00e7\u00f5es de medicamentos para atendimento da demanda na rede de aten\u00e7\u00e3o b\u00e1sica, psicossocial, urg\u00eancia e emerg\u00eancia, bem como junto aos programas governamentais na \u00e1rea. O processo, que deve ser finalizado em maio, ser\u00e1 v\u00e1lido pelo per\u00edodo de 12 meses.<br \/><\/span><span style=\"letter-spacing: -0.02em; line-height: 1.45em; background-color: initial;\"><br \/>A informa\u00e7\u00e3o foi confirmada nesta segunda-feira (27\/04) pelo secret\u00e1rio da pasta, Roberto Kaneta, que destacou que todo o tr&acirc;mite est\u00e1 sendo apresentado com detalhes a representantes do Observat\u00f3rio Social de Apucarana (OSA). &ldquo;A aquisi\u00e7\u00e3o de medicamentos anual \u00e9 um procedimento muito importante que visa suprir a nossa estrutura de condi\u00e7\u00f5es de atendimento da popula\u00e7\u00e3o ao longo de todo o ano e deve demandar, acima de tudo, transpar\u00eancia&rdquo;, disse Kaneta.<br \/><\/span><span style=\"letter-spacing: -0.02em; line-height: 1.45em; background-color: initial;\"><br \/>Ao longo de 2014, informa o secret\u00e1rio, a AMS investiu R$1.832.186,66 na compra de medicamentos, o que representou a distribui\u00e7\u00e3o de 25.679.699 unidades dos mais diversos medicamentos prescritos ao cidad\u00e3o atendido pela rede. Kaneta explica como funciona o registro de pre\u00e7os na administra\u00e7\u00e3o p\u00fablica. &ldquo;Como o pr\u00f3prio nome sugere, trata-se de um registro, uma cota\u00e7\u00e3o sem compromisso de aquisi\u00e7\u00e3o de todos os itens. No edital elencamos a gama de medicamentos utilizados em nossa rede para chegarmos a uma rela\u00e7\u00e3o dos melhores pre\u00e7os e definirmos prov\u00e1veis futuros fornecedores&rdquo;, esclarece o secret\u00e1rio.<br \/><\/span><span style=\"letter-spacing: -0.02em; line-height: 1.45em; background-color: initial;\"><br \/>O valor m\u00e1ximo do registro de pre\u00e7os preparado pela AMS neste ano \u00e9 de R$6.054.539,22, mas na vis\u00e3o do superintendente de Administra\u00e7\u00e3o-Geral da AMS, Alex Sandro Meredick, com a realiza\u00e7\u00e3o do certame &#8211; \u00e0 medida que os concorrentes forem apresentando suas propostas &#8211; este valor tenha uma sens\u00edvel redu\u00e7\u00e3o, ficando entre R$2,5 milh\u00f5es e R$3 milh\u00f5es. &ldquo;Considero muito oportuno este esclarecimento \u00e0 sociedade. Na modalidade registro de pre\u00e7os, a administra\u00e7\u00e3o n\u00e3o se obriga a adquirir. No ano passado, por exemplo, lan\u00e7amos um registro de pre\u00e7o com valor de R$19.908.955,49, contudo, com a realiza\u00e7\u00e3o do certame fechamos o registro em R$7.164.356,40 em poss\u00edveis futuras aquisi\u00e7\u00f5es de medicamentos. Na pr\u00e1tica, dentro deste registro a autarquia despendeu R$1.303.803,60 na compra efetiva, ou o mesmo que 20.288.242 unidades dos mais diferentes medicamentos para atendimento da demanda em 2014&rdquo;, exemplifica Meredick.<br \/><\/span><span style=\"letter-spacing: -0.02em; line-height: 1.45em; background-color: initial;\"><br \/>O processo de registro de pre\u00e7os para aquisi\u00e7\u00e3o de medicamentos em 2015 j\u00e1 passou pelo departamento de Contabilidade e dever\u00e1 acontecer j\u00e1 no m\u00eas que v\u00eam. &ldquo;O edital est\u00e1 agora sendo montado pela nossa equipe t\u00e9cnica e posteriormente vai passar pelo departamento Jur\u00eddico e de Controle Interno, para finalmente fixarmos e divulgarmos a data exata da realiza\u00e7\u00e3o do registro&rdquo;, finaliza Meredick. Segundo ele, todo o termo de refer\u00eancia dos medicamentos que v\u00e3o compor o edital foi feito por um profissional farmac\u00eautico da autarquia.<\/span><\/p>\n<p><\/p>\n","protected":false},"excerpt":{"rendered":"<p>O processo de cota&ccedil;&atilde;o, que deve ser finalizado em maio, ser&aacute; v&aacute;lido pelo per&iacute;odo de 12 meses<\/p>\n","protected":false},"author":4,"featured_media":0,"comment_status":"closed","ping_status":"closed","sticky":false,"template":"","format":"standard","meta":{"footnotes":""},"categories":[24],"tags":[],"class_list":["post-2786","post","type-post","status-publish","format-standard","hentry","category-noticias"],"acf":[],"_links":{"self":[{"href":"http:\/\/www.apucarana.pr.gov.br\/site\/wp-json\/wp\/v2\/posts\/2786","targetHints":{"allow":["GET"]}}],"collection":[{"href":"http:\/\/www.apucarana.pr.gov.br\/site\/wp-json\/wp\/v2\/posts"}],"about":[{"href":"http:\/\/www.apucarana.pr.gov.br\/site\/wp-json\/wp\/v2\/types\/post"}],"author":[{"embeddable":true,"href":"http:\/\/www.apucarana.pr.gov.br\/site\/wp-json\/wp\/v2\/users\/4"}],"replies":[{"embeddable":true,"href":"http:\/\/www.apucarana.pr.gov.br\/site\/wp-json\/wp\/v2\/comments?post=2786"}],"version-history":[{"count":1,"href":"http:\/\/www.apucarana.pr.gov.br\/site\/wp-json\/wp\/v2\/posts\/2786\/revisions"}],"predecessor-version":[{"id":104093,"href":"http:\/\/www.apucarana.pr.gov.br\/site\/wp-json\/wp\/v2\/posts\/2786\/revisions\/104093"}],"wp:attachment":[{"href":"http:\/\/www.apucarana.pr.gov.br\/site\/wp-json\/wp\/v2\/media?parent=2786"}],"wp:term":[{"taxonomy":"category","embeddable":true,"href":"http:\/\/www.apucarana.pr.gov.br\/site\/wp-json\/wp\/v2\/categories?post=2786"},{"taxonomy":"post_tag","embeddable":true,"href":"http:\/\/www.apucarana.pr.gov.br\/site\/wp-json\/wp\/v2\/tags?post=2786"}],"curies":[{"name":"wp","href":"https:\/\/api.w.org\/{rel}","templated":true}]}}