{"id":2785,"date":"2015-04-27T14:03:59","date_gmt":"2015-04-27T14:03:59","guid":{"rendered":"http:\/\/172.16.0.7\/site-antigo\/?p=2785"},"modified":"2024-10-08T09:10:58","modified_gmt":"2024-10-08T12:10:58","slug":"apucaranenses-sao-destaque-na-prova-tiradentes","status":"publish","type":"post","link":"http:\/\/www.apucarana.pr.gov.br\/site\/apucaranenses-sao-destaque-na-prova-tiradentes\/","title":{"rendered":"Apucaranenses s\u00e3o destaque na Prova Tiradentes"},"content":{"rendered":"<p><p><span style=\"letter-spacing: -0.02em; line-height: 1.45em; background-color: initial;\">Em mais uma participa\u00e7\u00e3o, Apucarana obteve boas coloca\u00e7\u00f5es na 41\u00aa Prova R\u00fastica de Tiradentes. Realizada neste s\u00e1bado, na cidade de Maring\u00e1, contou com 590 atletas de varias cidades Paran\u00e1, S\u00e3o Paulo e Mato Grosso do Sul. <\/p>\n<p>&ldquo;A equipe apucaranense contou com 15 alunos do projeto do miniatletismo das escolas municipais Jos\u00e9 de Alencar (Vila Reis), Pe. Ant&ocirc;nio Vieira (Correia de Freitas) e Vida Nova (Caic), al\u00e9m de atletas da Secretaria de Esportes e Lazer de Apucarana.<br \/><\/span><span style=\"letter-spacing: -0.02em; line-height: 1.45em; background-color: initial;\"><br \/>A equipe teve \u00e0 frente t\u00e9cnica composta pelos professores Jos\u00e9 Marcelino da Silva, Gabriel Fernado de Oliveira e Caroline Stefane de Paula Machado.<br \/><\/span><span style=\"letter-spacing: -0.02em; line-height: 1.45em; background-color: initial;\"><br \/><b>Confira os melhores classificados de Apucarana por categoria<\/b><\/span><\/p>\n<p><b><u>CATEGORIA SUB 11 &ndash; FEMININO &ndash; NASCIDOS EM 2005, 2006 E 2007<\/u><\/b><\/p>\n<p><b><\/b><\/p>\n<table>\n<tbody>\n<tr>\n<td>\n<p><b>CLASSIFICA&Ccedil;&Atilde;O<\/b><\/p>\n<\/td>\n<td>\n<p><b>NOIME DAS   ALUNA<\/b><\/p>\n<\/td>\n<td>\n<p><b>ESCOLA<\/b><\/p>\n<\/td>\n<\/tr>\n<tr>\n<td>\n<p>7\u00aa<\/p>\n<\/td>\n<td>\n<p>LORRAINE   RAISSA DE MELO<\/p>\n<\/td>\n<td>\n<p>JOS&Eacute;   DE ALENCAR (VILA REIS)<\/p>\n<\/td>\n<\/tr>\n<tr>\n<td>\n<p>8\u00aa <\/p>\n<\/td>\n<td>\n<p>ANA   CAROLINA GO&Ccedil;ALVES FERNANDES<\/p>\n<\/td>\n<td>\n<p>PE   ANTONIO VIEIRA (CORR&Ecirc;A DE FREITAS<\/p>\n<\/td>\n<\/tr>\n<tr>\n<td>\n<p>9\u00aa<\/p>\n<\/td>\n<td>\n<p>INGRID   GABRIELY VIANA DE LIMA<\/p>\n<\/td>\n<td>\n<p>JOS&Eacute;   DE ALENCAR (VILA REIS)<\/p>\n<\/td>\n<\/tr>\n<tr>\n<td>\n<p>10\u00aa<\/p>\n<\/td>\n<td>\n<p>THAIS   SILVA DOS SANTOS<\/p>\n<\/td>\n<td>\n<p>JOS&Eacute;   DE ALENCAR (VILA REIS)<\/p>\n<\/td>\n<\/tr>\n<tr>\n<td>\n<p>11\u00aa<\/p>\n<\/td>\n<td>\n<p>FERNANDA   DIAS BILATTI<\/p>\n<\/td>\n<td>\n<p>JOS&Eacute;   DE ALENCAR (VILA REIS)<\/p>\n<\/td>\n<\/tr>\n<\/tbody>\n<\/table>\n<p><b><u>CATEGORIA SUB 11 &ndash; MASCULINO &ndash; NASCIDOS EM 2005, 2006 E 2007<\/u><\/b><\/p>\n<p><b><\/b><\/p>\n<table>\n<tbody>\n<tr>\n<td>\n<p><b>CLASSIFICA&Ccedil;&Atilde;O<\/b><\/p>\n<\/td>\n<td>\n<p><b>NOME DOS ALUNOS<\/b><\/p>\n<\/td>\n<td>\n<p><b>ESCOLA<\/b><\/p>\n<\/td>\n<\/tr>\n<tr>\n<td>\n<p>4\u00ba<\/p>\n<\/td>\n<td>\n<p>GUILHERME   RODRIGUES DE OLIVEIRA<\/p>\n<\/td>\n<td>\n<p>VIDA   NOVA (CAIC)<\/p>\n<\/td>\n<\/tr>\n<tr>\n<td>\n<p>6\u00ba<\/p>\n<\/td>\n<td>\n<p>GUILHERME   HENRIQUE DA SILVA BARBOSA<\/p>\n<\/td>\n<td>\n<p>JOS&Eacute;   DE ALENCAR (VILA REIS)<\/p>\n<\/td>\n<\/tr>\n<tr>\n<td>\n<p>7\u00ba<\/p>\n<\/td>\n<td>\n<p>KAUAN   BATISTA DOS SANTOS<\/p>\n<\/td>\n<td>\n<p>PE   ANTONIO VIEIRA (CORR&Ecirc;A DE FREITAS<\/p>\n<\/td>\n<\/tr>\n<tr>\n<td>\n<p>9\u00ba<\/p>\n<\/td>\n<td>\n<p>KAIQUE   MATHEUS BERNARDINONDA CONCEI&Ccedil;&Atilde;O<\/p>\n<\/td>\n<td>\n<p>PE   ANTONIO VIEIRA (CORR&Ecirc;A DE FREITAS<\/p>\n<\/td>\n<\/tr>\n<tr>\n<td>\n<p>10\u00ba<\/p>\n<\/td>\n<td>\n<p>CARLOS   DANIEL DOS SANTOS<\/p>\n<\/td>\n<td>\n<p>PE   ANTONIO VIEIRA (CORR&Ecirc;A DE FREITAS<\/p>\n<\/td>\n<\/tr>\n<tr>\n<td>\n<p>11\u00ba<\/p>\n<\/td>\n<td>\n<p>EMANUEL   GOMES DA SILVA APOLIN&Aacute;RIO<\/p>\n<\/td>\n<td>\n<p>PE   ANTONIO VIEIRA (CORR&Ecirc;A DE FREITAS<\/p>\n<\/td>\n<\/tr>\n<tr>\n<td>\n<p>12\u00ba<\/p>\n<\/td>\n<td>\n<p>ANDREY   DE PAULA<\/p>\n<\/td>\n<td>\n<p>JOS&Eacute;   DE ALENCAR (VILA REIS)<\/p>\n<\/td>\n<\/tr>\n<tr>\n<td>\n<p>13\u00ba<\/p>\n<\/td>\n<td>\n<p>RICHARD   GABRIEL DA SILVA<\/p>\n<\/td>\n<td>\n<p>JOS&Eacute;   DE ALENCAR (VILA REIS)<\/p>\n<\/td>\n<\/tr>\n<tr>\n<td>\n<p>15\u00ba<\/p>\n<\/td>\n<td>\n<p>LUCAS   GABRIEL DO NASCIMENTO VIT&Oacute;RINO<\/p>\n<\/td>\n<td>\n<p>PE   ANTONIO VIEIRA (CORR&Ecirc;A DE FREITAS<\/p>\n<\/td>\n<\/tr>\n<\/tbody>\n<\/table>\n<p><b><u>CATEGORIA PR&Eacute;-MIRIM &ndash; MASCULINO &ndash; NASCIDOS EM 2004, 2003 E 2002<\/u><\/b><\/p>\n<p><b><\/b><\/p>\n<table>\n<tbody>\n<tr>\n<td>\n<p><b>CLASSIFICA&Ccedil;&Atilde;O<\/b><\/p>\n<\/td>\n<td>\n<p><b>NOME DOS   ALUNOS<\/b><\/p>\n<\/td>\n<td>\n<p><b>ESCOLA<\/b><\/p>\n<\/td>\n<\/tr>\n<tr>\n<td>\n<p>4\u00ba<\/p>\n<\/td>\n<td>\n<p>PEDRO   HENRIQUE DA SILVA<\/p>\n<\/td>\n<td>\n<p>JOS&Eacute;   DE ALENCAR (VILA REIS)<\/p>\n<\/td>\n<\/tr>\n<tr>\n<td>\n<p>14\u00ba<\/p>\n<\/td>\n<td>\n<p>EDUARDO   ANTONIO BUSSOLO<\/p>\n<\/td>\n<td>      <\/td>\n<\/tr>\n<\/tbody>\n<\/table>\n<p><b><u>CATEGORIA MIRIM &ndash; FEMININO &ndash; NASCIDOS EM 2000 E 2001<\/u><\/b><\/p>\n<p><b><\/b><\/p>\n<table>\n<tbody>\n<tr>\n<td>\n<p><b>CLASSIFICA&Ccedil;&Atilde;O<\/b><\/p>\n<\/td>\n<td>\n<p><b>NOME DOS   ATLETAS<\/b><\/p>\n<\/td>\n<td>\n<\/td>\n<\/tr>\n<tr>\n<td>\n<p>4\u00ba<\/p>\n<\/td>\n<td>\n<p>MELISSA   ANYADNE F. BUSSOLO<\/p>\n<\/td>\n<td>      <\/td>\n<\/tr>\n<\/tbody>\n<\/table>\n<p><b><\/b><\/p>\n<p><b><u>CATEGORIA MIRIM &ndash; MASCULINO &ndash; NASCIDOS EM 2004, 2003 E 2002<\/u><\/b><\/p>\n<p><b><\/b><\/p>\n<table>\n<tbody>\n<tr>\n<td>\n<p><b>CLASSIFICA&Ccedil;&Atilde;O<\/b><\/p>\n<\/td>\n<td>\n<p><b>NOME DOS   ATLETAS<\/b><\/p>\n<\/td>\n<td>\n<p><b>ESCOLA<\/b><\/p>\n<\/td>\n<\/tr>\n<tr>\n<td>\n<p>4\u00ba<\/p>\n<\/td>\n<td>\n<p>LUCAS   THEODORO LEONEL FEREIRA<\/p>\n<\/td>\n<td>      <\/td>\n<\/tr>\n<tr>\n<td>\n<p>5\u00ba<\/p>\n<\/td>\n<td>\n<p>OLIVER   JHON ALVES FERREIRA<\/p>\n<\/td>\n<td>      <\/td>\n<\/tr>\n<tr>\n<td>\n<p>16\u00ba<\/p>\n<\/td>\n<td>\n<p>GUILBERT   VINICIUS FIGUEIREDO<\/p>\n<\/td>\n<td>      <\/td>\n<\/tr>\n<\/tbody>\n<\/table>\n<p><b><u>CATEGORIA MENORES &ndash; MASCULINO &ndash; NASCIDOS EM 1998 E 1999<\/u><\/b><\/p>\n<p><b><\/b><\/p>\n<table>\n<tbody>\n<tr>\n<td>\n<p><b>CLASSIFICA&Ccedil;&Atilde;O<\/b><\/p>\n<\/td>\n<td>\n<p><b>NOME DOS   ATLETAS<\/b><\/p>\n<\/td>\n<td>\n<\/td>\n<\/tr>\n<tr>\n<td>\n<p>4\u00ba<\/p>\n<\/td>\n<td>\n<p>MARCOS   VINICIUS SAMPAIO DE SOUZA<\/p>\n<\/td>\n<td>      <\/td>\n<\/tr>\n<\/tbody>\n<\/table>\n<p><\/p>\n","protected":false},"excerpt":{"rendered":"<p>A equipe teve &agrave; frente t&eacute;cnica composta pelos professores Jos&eacute; Marcelino da Silva, Gabriel Fernado de Oliveira e Caroline Stefane de Paula Machado<\/p>\n","protected":false},"author":4,"featured_media":0,"comment_status":"closed","ping_status":"closed","sticky":false,"template":"","format":"standard","meta":{"footnotes":""},"categories":[24],"tags":[],"class_list":["post-2785","post","type-post","status-publish","format-standard","hentry","category-noticias"],"acf":[],"_links":{"self":[{"href":"http:\/\/www.apucarana.pr.gov.br\/site\/wp-json\/wp\/v2\/posts\/2785","targetHints":{"allow":["GET"]}}],"collection":[{"href":"http:\/\/www.apucarana.pr.gov.br\/site\/wp-json\/wp\/v2\/posts"}],"about":[{"href":"http:\/\/www.apucarana.pr.gov.br\/site\/wp-json\/wp\/v2\/types\/post"}],"author":[{"embeddable":true,"href":"http:\/\/www.apucarana.pr.gov.br\/site\/wp-json\/wp\/v2\/users\/4"}],"replies":[{"embeddable":true,"href":"http:\/\/www.apucarana.pr.gov.br\/site\/wp-json\/wp\/v2\/comments?post=2785"}],"version-history":[{"count":1,"href":"http:\/\/www.apucarana.pr.gov.br\/site\/wp-json\/wp\/v2\/posts\/2785\/revisions"}],"predecessor-version":[{"id":104094,"href":"http:\/\/www.apucarana.pr.gov.br\/site\/wp-json\/wp\/v2\/posts\/2785\/revisions\/104094"}],"wp:attachment":[{"href":"http:\/\/www.apucarana.pr.gov.br\/site\/wp-json\/wp\/v2\/media?parent=2785"}],"wp:term":[{"taxonomy":"category","embeddable":true,"href":"http:\/\/www.apucarana.pr.gov.br\/site\/wp-json\/wp\/v2\/categories?post=2785"},{"taxonomy":"post_tag","embeddable":true,"href":"http:\/\/www.apucarana.pr.gov.br\/site\/wp-json\/wp\/v2\/tags?post=2785"}],"curies":[{"name":"wp","href":"https:\/\/api.w.org\/{rel}","templated":true}]}}