{"id":2783,"date":"2015-04-27T09:49:00","date_gmt":"2015-04-27T09:49:00","guid":{"rendered":"http:\/\/172.16.0.7\/site-antigo\/?p=2783"},"modified":"2024-10-08T09:10:58","modified_gmt":"2024-10-08T12:10:58","slug":"definidos-os-campeoes-da-fase-municipal-do-bom-de-bola","status":"publish","type":"post","link":"http:\/\/www.apucarana.pr.gov.br\/site\/definidos-os-campeoes-da-fase-municipal-do-bom-de-bola\/","title":{"rendered":"Definidos os campe\u00f5es da fase municipal do &#8220;Bom de Bola&#8221;"},"content":{"rendered":"<p><span style=\"letter-spacing: -0.02em; line-height: 1.45em; background-color: initial;\">Ap\u00f3s quatro dias de competi\u00e7\u00e3o, foram conhecidos os compe\u00f5es na modalidade de futebol de campo dos Jogos Escolares do Paran\u00e1 (JEP&acute;s). A fase municipal do &ldquo;Bom de Bola&rdquo; foi disputada por nove escolas, nos naipes masculino e feminino, pelas categorias &ldquo;A&rdquo; e &rdquo;B&rdquo;.<\/span><\/p>\n<p>No masculino, os jogos finais aconteceram no s\u00e1bado (25\/04) no campo do Centro Esportivo Hairton Santos (antigo Est\u00e1dio do Jos\u00e9 Rico), em Apucarana, e contaram com a presen\u00e7a do secret\u00e1rio municipal de Esportes e Lazer, Paulo Kisner (Paul\u00e3o). O t\u00edtulo nas duas categorias (&ldquo;A&rdquo; e &ldquo;B&rdquo;) ficou com o Col\u00e9gio S\u00e3o Jos\u00e9.<\/p>\n<p>Na sexta-feira pela manh\u00e3, no campo da Universidade Tecnol\u00f3gica Federal do Paran\u00e1 (UTFPR), foram conhecidos os campe\u00f5es do naipe feminino &ldquo;A&rdquo; e &ldquo;B&rdquo;. No feminino &ldquo;B&rdquo;, o campe\u00e3o foi o Col\u00e9gio S\u00e3o Jos\u00e9, seguido pelo Polivalente. No &ldquo;A&rdquo;, a primeira coloca\u00e7\u00e3o ficou com o Polivalente, enquanto o Col\u00e9gio Nilo Cairo obteve a segunda coloca\u00e7\u00e3o. <\/p>\n<p>A fase municipal do &ldquo;Bom de Bola&rdquo; foi organizada pela Secretaria Municipal de Esportes e Lazer. Entre os dias 28 a 31 de maio, os campe\u00f5es da fase municipal participar\u00e3o da disputa da fase regional, que acontecer\u00e1 em Maril&acirc;ndia do Sul. <\/p>\n<p>Em 2014, a equipe do S\u00e3o Jos\u00e9, treinada pelo professor Paulo Leite, teve um bom desempenho, chegando at\u00e9 a final do &ldquo;Bom de Bola&rdquo; disputada em Paranagu\u00e1. Na oportunidade, o col\u00e9gio conquistou o t\u00edtulo de vice-campe\u00e3o estadual, na categoria &ldquo;B&rdquo; do masculino, lembrando ainda que o professor Paulo Leite tem ainda em sua bagagem o titulo de campe\u00e3o do &#8220;Bom de Bola&#8221; da edi\u00e7\u00e3o de 2012.<\/p>\n<p><b>Classifica\u00e7\u00e3o fase municipal dos jogos &ldquo;&ldquo;Bom de Bola&rdquo;<\/b><\/p>\n<p>Feminino &ldquo;B&rdquo;<\/p>\n<p>1\u00ba Col\u00e9gio S\u00e3o Jose <\/p>\n<p>2\u00ba Col\u00e9gio Polivalente<\/p>\n<p>Feminino &ldquo;A&rdquo;<\/p>\n<p>1\u00ba Col\u00e9gio Polivalente<\/p>\n<p>2\u00ba Col\u00e9gio Nilo Cairo<\/p>\n<p>3\u00ba Col\u00e9gio S\u00e3o Jose<\/p>\n<p>Masculino &ldquo;B&rdquo;<\/p>\n<p>1\u00ba Col\u00e9gio S\u00e3o Jose<\/p>\n<p>2\u00ba Col\u00e9gio Ant&ocirc;nio Tres Reis<\/p>\n<p>3\u00ba Col\u00e9gio Tadashi Enomoto<\/p>\n<p>Masculino &ldquo;A&rdquo;<\/p>\n<p>1\u00ba Col\u00e9gio S\u00e3o Jose<\/p>\n<p>2\u00ba Col\u00e9gio Polivalente<\/p>\n<p>3\u00ba Col\u00e9gio Padre Jos\u00e9 de Anchieta<\/p>\n<p><\/p>\n","protected":false},"excerpt":{"rendered":"<p>Os vencedores da fase municipal participar&atilde;o da disputa da fase regional, que acontecer&aacute; de 28 a 31 de maio em Maril&acirc;ndia do Sul<\/p>\n","protected":false},"author":4,"featured_media":0,"comment_status":"closed","ping_status":"closed","sticky":false,"template":"","format":"standard","meta":{"footnotes":""},"categories":[24],"tags":[],"class_list":["post-2783","post","type-post","status-publish","format-standard","hentry","category-noticias"],"acf":[],"_links":{"self":[{"href":"http:\/\/www.apucarana.pr.gov.br\/site\/wp-json\/wp\/v2\/posts\/2783","targetHints":{"allow":["GET"]}}],"collection":[{"href":"http:\/\/www.apucarana.pr.gov.br\/site\/wp-json\/wp\/v2\/posts"}],"about":[{"href":"http:\/\/www.apucarana.pr.gov.br\/site\/wp-json\/wp\/v2\/types\/post"}],"author":[{"embeddable":true,"href":"http:\/\/www.apucarana.pr.gov.br\/site\/wp-json\/wp\/v2\/users\/4"}],"replies":[{"embeddable":true,"href":"http:\/\/www.apucarana.pr.gov.br\/site\/wp-json\/wp\/v2\/comments?post=2783"}],"version-history":[{"count":1,"href":"http:\/\/www.apucarana.pr.gov.br\/site\/wp-json\/wp\/v2\/posts\/2783\/revisions"}],"predecessor-version":[{"id":104096,"href":"http:\/\/www.apucarana.pr.gov.br\/site\/wp-json\/wp\/v2\/posts\/2783\/revisions\/104096"}],"wp:attachment":[{"href":"http:\/\/www.apucarana.pr.gov.br\/site\/wp-json\/wp\/v2\/media?parent=2783"}],"wp:term":[{"taxonomy":"category","embeddable":true,"href":"http:\/\/www.apucarana.pr.gov.br\/site\/wp-json\/wp\/v2\/categories?post=2783"},{"taxonomy":"post_tag","embeddable":true,"href":"http:\/\/www.apucarana.pr.gov.br\/site\/wp-json\/wp\/v2\/tags?post=2783"}],"curies":[{"name":"wp","href":"https:\/\/api.w.org\/{rel}","templated":true}]}}