{"id":27817,"date":"2019-11-05T09:39:27","date_gmt":"2019-11-05T11:39:27","guid":{"rendered":"http:\/\/172.16.0.7\/site-antigo\/?p=27817"},"modified":"2024-10-08T09:19:42","modified_gmt":"2024-10-08T12:19:42","slug":"prefeito-prestigia-palestra-dirigida-a-idosos","status":"publish","type":"post","link":"http:\/\/www.apucarana.pr.gov.br\/site\/prefeito-prestigia-palestra-dirigida-a-idosos\/","title":{"rendered":"Prefeito prestigia palestra dirigida a idosos"},"content":{"rendered":"<p>O gerenciamento do estresse para os idosos foi tema de mais uma palestra do Programa Viver Mais 80, promovida pela Prefeitura de Apucarana, por meio da Secretaria de Assist\u00eancia Social. O programa, criado h\u00e1 alguns meses pela administra\u00e7\u00e3o municipal, visa intensificar\u00a0a\u00e7\u00f5es de valoriza\u00e7\u00e3o da terceira idade em Apucarana.<br \/>\nO evento reuniu cerca de cem participantes no sal\u00e3o nobre da Associa\u00e7\u00e3o dos Deficientes F\u00edsicos de Apucarnaa (Adefiap) e teve como palestrante o professor e escritor Fauze Kfouri, 88 anos, autor de 25 livros sobre parapsicologia.<br \/>\nEspecialista em estudos de ci\u00eancias humanas, com longa experi\u00eancia na forma\u00e7\u00e3o familiar e social, Kfouri destaca que o conte\u00fado envolve diferentes assuntos, tais como grava\u00e7\u00e3o do inconsciente, sonhos, a regress\u00e3o de idade, os traumas e conseq\u00fc\u00eancias, a fam\u00edlia, a intera\u00e7\u00e3o de pais e filhos, viol\u00eancia familiar, personalidade e produtividade no trabalho, entre outros.<br \/>\nAo participar da abertura da palestra, o prefeito Junior da Femac frisou que a iniciativa da prefeitura, com o Programa Viver mais 80, \u00e9 de acolhimento e amplia\u00e7\u00e3o da oferta de servi\u00e7os e atividades aos idosos de Apucarana. \u201cDiversas atividades est\u00e3o acontecendo e uma delas s\u00e3o eventos como esse, sobre a import\u00e2ncia e a beleza da vida. Temos promovido v\u00e1rias coisas contemplando os idosos a quem nutrimos um grande respeito\u201d, comentou o prefeito.<br \/>\nRecentemente a Secretaria Municipal da Assist\u00eancia Social j\u00e1 havia ofertado outros eventos abordando temas como \u201cEnvelhecer com qualidade de vida\u201d e \u201cDireito dos Idosos\u201d. O p\u00fablico destes eventos \u00e9 formado por integrantes dos grupos \u201cConviver\u201d, participantes do Baile de Terceira Idade, e da comunidade em geral.<\/p>\n","protected":false},"excerpt":{"rendered":"<p>Evento foi realizado na tarde desta segunda-feira (4) na Adefiap, pela Secretaria de Assist\u00eancia Social<\/p>\n","protected":false},"author":4,"featured_media":27819,"comment_status":"closed","ping_status":"open","sticky":false,"template":"","format":"standard","meta":{"footnotes":""},"categories":[24],"tags":[],"class_list":["post-27817","post","type-post","status-publish","format-standard","has-post-thumbnail","hentry","category-noticias"],"acf":[],"_links":{"self":[{"href":"http:\/\/www.apucarana.pr.gov.br\/site\/wp-json\/wp\/v2\/posts\/27817","targetHints":{"allow":["GET"]}}],"collection":[{"href":"http:\/\/www.apucarana.pr.gov.br\/site\/wp-json\/wp\/v2\/posts"}],"about":[{"href":"http:\/\/www.apucarana.pr.gov.br\/site\/wp-json\/wp\/v2\/types\/post"}],"author":[{"embeddable":true,"href":"http:\/\/www.apucarana.pr.gov.br\/site\/wp-json\/wp\/v2\/users\/4"}],"replies":[{"embeddable":true,"href":"http:\/\/www.apucarana.pr.gov.br\/site\/wp-json\/wp\/v2\/comments?post=27817"}],"version-history":[{"count":1,"href":"http:\/\/www.apucarana.pr.gov.br\/site\/wp-json\/wp\/v2\/posts\/27817\/revisions"}],"predecessor-version":[{"id":99995,"href":"http:\/\/www.apucarana.pr.gov.br\/site\/wp-json\/wp\/v2\/posts\/27817\/revisions\/99995"}],"wp:featuredmedia":[{"embeddable":true,"href":"http:\/\/www.apucarana.pr.gov.br\/site\/wp-json\/"}],"wp:attachment":[{"href":"http:\/\/www.apucarana.pr.gov.br\/site\/wp-json\/wp\/v2\/media?parent=27817"}],"wp:term":[{"taxonomy":"category","embeddable":true,"href":"http:\/\/www.apucarana.pr.gov.br\/site\/wp-json\/wp\/v2\/categories?post=27817"},{"taxonomy":"post_tag","embeddable":true,"href":"http:\/\/www.apucarana.pr.gov.br\/site\/wp-json\/wp\/v2\/tags?post=27817"}],"curies":[{"name":"wp","href":"https:\/\/api.w.org\/{rel}","templated":true}]}}