{"id":2780,"date":"2015-04-24T18:31:00","date_gmt":"2015-04-24T18:31:00","guid":{"rendered":"http:\/\/172.16.0.7\/site-antigo\/?p=2780"},"modified":"2024-10-08T09:10:58","modified_gmt":"2024-10-08T12:10:58","slug":"conferencia-discute-direitos-da-pessoa-com-deficiencia","status":"publish","type":"post","link":"http:\/\/www.apucarana.pr.gov.br\/site\/conferencia-discute-direitos-da-pessoa-com-deficiencia\/","title":{"rendered":"Confer\u00eancia discute direitos da pessoa com defici\u00eancia"},"content":{"rendered":"<p><p><span style=\"letter-spacing: -0.02em; line-height: 1.45em; background-color: initial;\">Com uma plen\u00e1ria composta profissionais da assist\u00eancia social, sa\u00fade, educa\u00e7\u00e3o, esporte e de entidades voltadas ao atendimento de pessoas com necessidades especiais, Apucarana realizou hoje a IV Confer\u00eancia Municipal dos Direitos da Pessoa com Defici\u00eancia. A programa\u00e7\u00e3o envolveu palestra, atividade art\u00edstica e debates em torno do tema principal do evento: &ldquo;O desafio na implementa\u00e7\u00e3o das Pol\u00edticas da Pessoa com Defici\u00eancia&rdquo;.<\/span><\/p>\n<p>As discuss\u00f5es, no entanto, foram conduzidas de forma a propor e buscar meios de consolidar as pol\u00edticas p\u00fablicas voltadas aos portadores de necessidades especiais do munic\u00edpio. &ldquo;Tivemos muitos avan\u00e7os como na educa\u00e7\u00e3o, no mercado de trabalho, entre outros aspectos, mas h\u00e1 muito que conquistar ainda. O preconceito velado tem que ser quebrado, tem que deixar de existir. A pessoa pode ter limita\u00e7\u00f5es, mas isso n\u00e3o faz dela inferior&rdquo;, diz a presidente do Conselho Municipal da Pessoa com Defici\u00eancia, Ana Paula Nazarko.<\/p>\n<p>A secret\u00e1ria da Assist\u00eancia Social, M\u00e1rcia Regina de Sousa, conclamou os presentes a pensar, dentro das suas respectivas \u00e1reas, qual o seu papelna garantia dos direitos da pessoa com defici\u00eancia. A partir da\u00ed, todos n\u00f3s temos que pensar juntos sobre o que pode ser feito. N\u00e3o h\u00e1 mudan\u00e7as sem enfrentamento e luta&rdquo;, conclamou M\u00e1rcia.<\/p>\n<p>Promovida pelo Conselho Municipal da Pessoa com Defici\u00eancia, da Secret\u00e1ria Municipal de Assist\u00eancia Social, a confer\u00eancia teve como palestrante, Fernanda Prado, Assistente Social e mestre em Pol\u00edticas Sociais pela Universidade Estadual de Londrina (UEL) e trabalha no INSS desde 2009, como Assistente Social, que abordou o tema &ldquo;Benef\u00edcios Previdenci\u00e1rios e Assistenciais para Pessoa com Defici\u00eancia&rdquo;.<\/p>\n<p>Em seu discurso na abertura do evento, realizado na Associa\u00e7\u00e3o dos Deficientes F\u00edsicos de Apucarana (Adefiap), o prefeito Beto Preto destacou a import&acirc;ncia da participa\u00e7\u00e3o popular nos conselhos municipais. &ldquo;Esse foi um dos muitos objetivos alcan\u00e7ados em nossa administra\u00e7\u00e3o. Nas gest\u00f5es anteriores, a maioria dos conselhos funcionava apenas no papel e hoje todos est\u00e3o efetivamente formados e com participa\u00e7\u00e3o popular&rdquo;, observou Beto Preto.<\/p>\n<p>A confer\u00eancia foi encerrada com a plen\u00e1ria de apresenta\u00e7\u00e3o e valida\u00e7\u00e3o das diretrizes visando \u00e0 implementa\u00e7\u00e3o de pol\u00edticas p\u00fablicas aos portadores de necessidades especiais, as quais ser\u00e3o levadas pelos delegados que representar\u00e3o Apucarana na Confer\u00eancia Estadual dos Direitos da Pessoa com Defici\u00eancia.<\/p>\n<p><\/p>\n","protected":false},"excerpt":{"rendered":"<p>Evento reuniu na Adefiap profissionais da assist&ecirc;ncia social, sa&uacute;de, educa&ccedil;&atilde;o, esporte e de entidades voltadas ao atendimento de pessoas com necessidades especiais<\/p>\n","protected":false},"author":4,"featured_media":0,"comment_status":"closed","ping_status":"closed","sticky":false,"template":"","format":"standard","meta":{"footnotes":""},"categories":[24],"tags":[],"class_list":["post-2780","post","type-post","status-publish","format-standard","hentry","category-noticias"],"acf":[],"_links":{"self":[{"href":"http:\/\/www.apucarana.pr.gov.br\/site\/wp-json\/wp\/v2\/posts\/2780","targetHints":{"allow":["GET"]}}],"collection":[{"href":"http:\/\/www.apucarana.pr.gov.br\/site\/wp-json\/wp\/v2\/posts"}],"about":[{"href":"http:\/\/www.apucarana.pr.gov.br\/site\/wp-json\/wp\/v2\/types\/post"}],"author":[{"embeddable":true,"href":"http:\/\/www.apucarana.pr.gov.br\/site\/wp-json\/wp\/v2\/users\/4"}],"replies":[{"embeddable":true,"href":"http:\/\/www.apucarana.pr.gov.br\/site\/wp-json\/wp\/v2\/comments?post=2780"}],"version-history":[{"count":1,"href":"http:\/\/www.apucarana.pr.gov.br\/site\/wp-json\/wp\/v2\/posts\/2780\/revisions"}],"predecessor-version":[{"id":104099,"href":"http:\/\/www.apucarana.pr.gov.br\/site\/wp-json\/wp\/v2\/posts\/2780\/revisions\/104099"}],"wp:attachment":[{"href":"http:\/\/www.apucarana.pr.gov.br\/site\/wp-json\/wp\/v2\/media?parent=2780"}],"wp:term":[{"taxonomy":"category","embeddable":true,"href":"http:\/\/www.apucarana.pr.gov.br\/site\/wp-json\/wp\/v2\/categories?post=2780"},{"taxonomy":"post_tag","embeddable":true,"href":"http:\/\/www.apucarana.pr.gov.br\/site\/wp-json\/wp\/v2\/tags?post=2780"}],"curies":[{"name":"wp","href":"https:\/\/api.w.org\/{rel}","templated":true}]}}