{"id":2779,"date":"2015-04-24T14:21:00","date_gmt":"2015-04-24T14:21:00","guid":{"rendered":"http:\/\/172.16.0.7\/site-antigo\/?p=2779"},"modified":"2024-10-08T09:10:58","modified_gmt":"2024-10-08T12:10:58","slug":"falsa-noticia-prejudica-equipes-de-combate-a-dengue-em-apucarana","status":"publish","type":"post","link":"http:\/\/www.apucarana.pr.gov.br\/site\/falsa-noticia-prejudica-equipes-de-combate-a-dengue-em-apucarana\/","title":{"rendered":"Falsa not\u00edcia prejudica equipes de combate \u00e0 dengue em Apucarana"},"content":{"rendered":"<p><p><span style=\"letter-spacing: -0.02em; line-height: 1.45em; background-color: initial;\">A dissemina\u00e7\u00e3o de uma falsa informa\u00e7\u00e3o pelas redes sociais vem causando transtornos \u00e0s equipes de combate \u00e0 dengue em todo o Brasil. Disseminada principalmente por meio do aplicativo de mensagem instant&acirc;nea &ldquo;Whatsap&rdquo;, a informa\u00e7\u00e3o inver\u00eddica \u00e9 padr\u00e3o em todo o pa\u00eds e sofre edi\u00e7\u00e3o dos remetentes quanto ao nome da cidade, relatando um falso assalto que teria ocorrido no munic\u00edpio envolvendo indiv\u00edduos utilizando coletes da equipe de combate \u00e0 dengue. &ldquo;Tranquilizamos a popula\u00e7\u00e3o de Apucarana. Esta not\u00edcia \u00e9 falsa, sendo fato conclusivo a inexist\u00eancia de boletim de ocorr\u00eancia referente a tal crime na cidade&rdquo;, argumenta Aguinaldo Aparecido Ribeiro, diretor do Departamento de Vigil&acirc;ncia em Sa\u00fade.<br \/><\/span><span style=\"letter-spacing: -0.02em; line-height: 1.45em; background-color: initial;\"><br \/>A situa\u00e7\u00e3o, segundo Ribeiro, vem dificultando o combate da doen\u00e7a. &ldquo;Alguns moradores est\u00e3o receosos em receber os agentes em suas resid\u00eancias, por isto \u00e9 importante que todos que tiverem ci\u00eancia desta not\u00edcia esclare\u00e7a de que ela \u00e9 falsa&rdquo;, orienta.<br \/><\/span><span style=\"letter-spacing: -0.02em; line-height: 1.45em; background-color: initial;\"><br \/>Ele lamenta que pessoas inventem uma mentira como esta em um setor t\u00e3o importante, que \u00e9 a Sa\u00fade P\u00fablica. Se identificadas, as pessoas que est\u00e3o transmitindo a not\u00edcia inver\u00eddica podem ser enquadradas na &ldquo;comunica\u00e7\u00e3o falsa de crime&rdquo;, previsto no artigo 340 do C\u00f3digo Penal Brasileiro. &ldquo;Em Apucarana, este fato \u00e9 ainda mais preocupante ao levarmos em conta que estamos passando um per\u00edodo onde o combate ao mosquito Aedes Aegypty \u00e9 ainda mais intenso, pois v\u00e1rias cidades vizinhas est\u00e3o em estado epid\u00eamico&rdquo;, esclarece.<br \/><\/span><span style=\"letter-spacing: -0.02em; line-height: 1.45em; background-color: initial;\"><br \/>O secret\u00e1rio de Sa\u00fade, Roberto Kaneta, lembra que caso haja alguma d\u00favida quanto \u00e0 identidade do agente de sa\u00fade, a pessoa pode ligar para a Autarquia Municipal de Sa\u00fade (AMS). &ldquo;Nossos agentes de controle \u00e0s endemias utilizam coletes e crach\u00e1s de identifica\u00e7\u00e3o, trabalham individualmente e esporadicamente em duplas. S\u00e3o servidores treinados e capacitados para o combate de doen\u00e7as&rdquo;, informa. O telefone para informa\u00e7\u00f5es \u00e9 o 3162-3060.<\/span><\/p><\/p>\n","protected":false},"excerpt":{"rendered":"<p>Alguns moradores est&atilde;o receosos em receber os agentes em suas resid&ecirc;ncias<\/p>\n","protected":false},"author":4,"featured_media":0,"comment_status":"closed","ping_status":"closed","sticky":false,"template":"","format":"standard","meta":{"footnotes":""},"categories":[24],"tags":[],"class_list":["post-2779","post","type-post","status-publish","format-standard","hentry","category-noticias"],"acf":[],"_links":{"self":[{"href":"http:\/\/www.apucarana.pr.gov.br\/site\/wp-json\/wp\/v2\/posts\/2779","targetHints":{"allow":["GET"]}}],"collection":[{"href":"http:\/\/www.apucarana.pr.gov.br\/site\/wp-json\/wp\/v2\/posts"}],"about":[{"href":"http:\/\/www.apucarana.pr.gov.br\/site\/wp-json\/wp\/v2\/types\/post"}],"author":[{"embeddable":true,"href":"http:\/\/www.apucarana.pr.gov.br\/site\/wp-json\/wp\/v2\/users\/4"}],"replies":[{"embeddable":true,"href":"http:\/\/www.apucarana.pr.gov.br\/site\/wp-json\/wp\/v2\/comments?post=2779"}],"version-history":[{"count":1,"href":"http:\/\/www.apucarana.pr.gov.br\/site\/wp-json\/wp\/v2\/posts\/2779\/revisions"}],"predecessor-version":[{"id":104100,"href":"http:\/\/www.apucarana.pr.gov.br\/site\/wp-json\/wp\/v2\/posts\/2779\/revisions\/104100"}],"wp:attachment":[{"href":"http:\/\/www.apucarana.pr.gov.br\/site\/wp-json\/wp\/v2\/media?parent=2779"}],"wp:term":[{"taxonomy":"category","embeddable":true,"href":"http:\/\/www.apucarana.pr.gov.br\/site\/wp-json\/wp\/v2\/categories?post=2779"},{"taxonomy":"post_tag","embeddable":true,"href":"http:\/\/www.apucarana.pr.gov.br\/site\/wp-json\/wp\/v2\/tags?post=2779"}],"curies":[{"name":"wp","href":"https:\/\/api.w.org\/{rel}","templated":true}]}}