{"id":2777,"date":"2015-04-24T09:26:00","date_gmt":"2015-04-24T09:26:00","guid":{"rendered":"http:\/\/172.16.0.7\/site-antigo\/?p=2777"},"modified":"2024-10-08T09:10:59","modified_gmt":"2024-10-08T12:10:59","slug":"setores-articulam-formacao-de-rede-de-servicos","status":"publish","type":"post","link":"http:\/\/www.apucarana.pr.gov.br\/site\/setores-articulam-formacao-de-rede-de-servicos\/","title":{"rendered":"Setores articulam forma\u00e7\u00e3o de rede de servi\u00e7os"},"content":{"rendered":"<p><p>Diversos setores da Prefeitura de Apucarana, localizados numa mesma regi\u00e3o geogr\u00e1fica, est\u00e3o unindo esfor\u00e7os para proporcionar um bom atendimento ao cidad\u00e3o. &Eacute; o que est\u00e1 acontecendo no Distrito de Caixa de S\u00e3o Pedro, onde os gestores est\u00e3o articulando a forma\u00e7\u00e3o de uma rede de servi\u00e7os.<\/p>\n<p>Na \u00faltima quinta-feira (23\/04), estiveram reunidos representantes da Unidade de Sa\u00fade Padre Dominic Camilleri, da Escola <span>Municipal Wilson de Azevedo, do Centro de Educa\u00e7\u00e3o Infantil Antonio do Carmo Ribeiro e do Centro de Refer\u00eancia da Assist\u00eancia Social Padre Dominique.<\/span><\/p>\n<p>&ldquo;O objetivo do encontro foi fortalecer as parcerias e promover a articula\u00e7\u00e3o entre os servi\u00e7os existentes no Distrito de Caixa de S\u00e3o Pedro. O pr\u00f3ximo passo \u00e9 planejar em conjunto e definir as pr\u00f3ximas a\u00e7\u00f5es que ser\u00e3o desenvolvidas&rdquo;, afirma Paulo Augusto, coordenador do CRAS Padre Dominique.<\/p>\n<p><\/p>\n","protected":false},"excerpt":{"rendered":"<p>&Oacute;rg&atilde;os situados numa mesma regi&atilde;o geogr&aacute;fica buscam fortalecer as parcerias<\/p>\n","protected":false},"author":4,"featured_media":0,"comment_status":"closed","ping_status":"closed","sticky":false,"template":"","format":"standard","meta":{"footnotes":""},"categories":[24],"tags":[],"class_list":["post-2777","post","type-post","status-publish","format-standard","hentry","category-noticias"],"acf":[],"_links":{"self":[{"href":"http:\/\/www.apucarana.pr.gov.br\/site\/wp-json\/wp\/v2\/posts\/2777","targetHints":{"allow":["GET"]}}],"collection":[{"href":"http:\/\/www.apucarana.pr.gov.br\/site\/wp-json\/wp\/v2\/posts"}],"about":[{"href":"http:\/\/www.apucarana.pr.gov.br\/site\/wp-json\/wp\/v2\/types\/post"}],"author":[{"embeddable":true,"href":"http:\/\/www.apucarana.pr.gov.br\/site\/wp-json\/wp\/v2\/users\/4"}],"replies":[{"embeddable":true,"href":"http:\/\/www.apucarana.pr.gov.br\/site\/wp-json\/wp\/v2\/comments?post=2777"}],"version-history":[{"count":1,"href":"http:\/\/www.apucarana.pr.gov.br\/site\/wp-json\/wp\/v2\/posts\/2777\/revisions"}],"predecessor-version":[{"id":104103,"href":"http:\/\/www.apucarana.pr.gov.br\/site\/wp-json\/wp\/v2\/posts\/2777\/revisions\/104103"}],"wp:attachment":[{"href":"http:\/\/www.apucarana.pr.gov.br\/site\/wp-json\/wp\/v2\/media?parent=2777"}],"wp:term":[{"taxonomy":"category","embeddable":true,"href":"http:\/\/www.apucarana.pr.gov.br\/site\/wp-json\/wp\/v2\/categories?post=2777"},{"taxonomy":"post_tag","embeddable":true,"href":"http:\/\/www.apucarana.pr.gov.br\/site\/wp-json\/wp\/v2\/tags?post=2777"}],"curies":[{"name":"wp","href":"https:\/\/api.w.org\/{rel}","templated":true}]}}