{"id":2775,"date":"2015-04-23T18:18:59","date_gmt":"2015-04-23T18:18:59","guid":{"rendered":"http:\/\/172.16.0.7\/site-antigo\/?p=2775"},"modified":"2024-10-08T09:10:59","modified_gmt":"2024-10-08T12:10:59","slug":"prefeitura-rescinde-contrato-de-administradora","status":"publish","type":"post","link":"http:\/\/www.apucarana.pr.gov.br\/site\/prefeitura-rescinde-contrato-de-administradora\/","title":{"rendered":"Prefeitura rescinde contrato de administradora"},"content":{"rendered":"<p><p><span style=\"letter-spacing: -0.02em; line-height: 1.45em; background-color: initial;\">Ap\u00f3s persistentes reclama\u00e7\u00f5es de usu\u00e1rios do transporte coletivo intermunicipal e tamb\u00e9m de lojistas, o prefeito Beto Preto decidiu acatar ontem parecer jur\u00eddico pela rescis\u00e3o do contrato com a empresa respons\u00e1vel pela administra\u00e7\u00e3o e conserva\u00e7\u00e3o do Terminal Rodovi\u00e1rio Intermunicipal Jo\u00e3o Batista Boscardin Junior.<\/span><\/p>\n<p>Conforme justificou o prefeito Beto Preto, infelizmente a empresa negligenciou em servi\u00e7os de limpeza, manuten\u00e7\u00e3o e melhorias no pr\u00e9dio. &ldquo;As reclama\u00e7\u00f5es eram constantes, inclusive em \u00f3rg\u00e3os de imprensa e na C&acirc;mara de Vereadores, com flagrante falta de respeito com os usu\u00e1rios que pagam taxa de embarque&rdquo;, afirmou o prefeito. <\/p>\n<p>O Procurador Geral do Munic\u00edpio, Paulo S\u00e9rgio Vital, e o advogado Rubens de Fran\u00e7a, sustentam que ap\u00f3s duas vistorias t\u00e9cnicas realizadas no pr\u00e9dio, ficou comprovada em laudos t\u00e9cnicos, a falta de manuten\u00e7\u00e3o e de melhorias necess\u00e1rias no local. &ldquo;Houve descumprimento contratual, ficando evidente que a empresa deixou de realizar manuten\u00e7\u00e3o e demonstrou total falta de zelo com o bem p\u00fablico&rdquo;, assinalou Vital.<\/p>\n<p>Segundo Rubens Henrique de Fran\u00e7a, a empresa respons\u00e1vel pela administra\u00e7\u00e3o e manuten\u00e7\u00e3o do terminal rodovi\u00e1rio, foi notificada e teve direito a ampla defesa. &ldquo;A gestora do pr\u00e9dio recebeu inclusive um cronograma, com uma s\u00e9rie de irregularidades que deveriam ser adequadas, mas os reparos e melhorias n\u00e3o foram executados&rdquo;, ponderou Fran\u00e7a, frisando que est\u00e1 comprovado o descumprimento de v\u00e1rias cl\u00e1usulas contratuais de conserva\u00e7\u00e3o e melhorias.<\/p>\n<p>A Administradora e Prestadora de Servi\u00e7os de Limpeza Apucarana Ltda, que tem como titular o Sr. Hamilton Gon\u00e7alves Rocha, mantinha contrato de gest\u00e3o terceirizada do terminal rodovi\u00e1rio intermunicipal de Apucarana desde mar\u00e7o de 2007. Pelo contrato a empresa cobrava taxas de embarque, uso de sanit\u00e1rios e loca\u00e7\u00e3o de boxes, repassando um percentual de 16% para o Munic\u00edpio.<\/p>\n<p>Com a rescis\u00e3o, que est\u00e1 sendo publicada hoje na Tribuna do Norte (se\u00e7\u00e3o de atos oficiais), a administra\u00e7\u00e3o do pr\u00e9dio retorna para a prefeitura. A empresa que terceirizava a administra\u00e7\u00e3o do pr\u00e9dio deve ser notificada ainda hoje (24) da decis\u00e3o, com a fixa\u00e7\u00e3o de prazo para deixar a fun\u00e7\u00e3o.<\/p>\n<p>O an\u00fancio da rescis\u00e3o foi acompanhado pelos vereadores, Gilberto Cordeiro Lima, Ant&ocirc;nio Ananias, Luiz Magalh\u00e3es e Luciano Molina, que fizeram quest\u00e3o de referendar o parecer jur\u00eddico e a decis\u00e3o do prefeito Beto Preto.<\/p>\n<p><\/p>\n","protected":false},"excerpt":{"rendered":"<p>Vistorias realizadas no pr&eacute;dio comprovaram falta de manuten&ccedil;&atilde;o e melhorias justificando a medida<\/p>\n","protected":false},"author":4,"featured_media":0,"comment_status":"closed","ping_status":"closed","sticky":false,"template":"","format":"standard","meta":{"footnotes":""},"categories":[24],"tags":[],"class_list":["post-2775","post","type-post","status-publish","format-standard","hentry","category-noticias"],"acf":[],"_links":{"self":[{"href":"http:\/\/www.apucarana.pr.gov.br\/site\/wp-json\/wp\/v2\/posts\/2775","targetHints":{"allow":["GET"]}}],"collection":[{"href":"http:\/\/www.apucarana.pr.gov.br\/site\/wp-json\/wp\/v2\/posts"}],"about":[{"href":"http:\/\/www.apucarana.pr.gov.br\/site\/wp-json\/wp\/v2\/types\/post"}],"author":[{"embeddable":true,"href":"http:\/\/www.apucarana.pr.gov.br\/site\/wp-json\/wp\/v2\/users\/4"}],"replies":[{"embeddable":true,"href":"http:\/\/www.apucarana.pr.gov.br\/site\/wp-json\/wp\/v2\/comments?post=2775"}],"version-history":[{"count":1,"href":"http:\/\/www.apucarana.pr.gov.br\/site\/wp-json\/wp\/v2\/posts\/2775\/revisions"}],"predecessor-version":[{"id":104104,"href":"http:\/\/www.apucarana.pr.gov.br\/site\/wp-json\/wp\/v2\/posts\/2775\/revisions\/104104"}],"wp:attachment":[{"href":"http:\/\/www.apucarana.pr.gov.br\/site\/wp-json\/wp\/v2\/media?parent=2775"}],"wp:term":[{"taxonomy":"category","embeddable":true,"href":"http:\/\/www.apucarana.pr.gov.br\/site\/wp-json\/wp\/v2\/categories?post=2775"},{"taxonomy":"post_tag","embeddable":true,"href":"http:\/\/www.apucarana.pr.gov.br\/site\/wp-json\/wp\/v2\/tags?post=2775"}],"curies":[{"name":"wp","href":"https:\/\/api.w.org\/{rel}","templated":true}]}}