{"id":2774,"date":"2015-04-23T17:53:59","date_gmt":"2015-04-23T17:53:59","guid":{"rendered":"http:\/\/172.16.0.7\/site-antigo\/?p=2774"},"modified":"2024-10-08T09:10:59","modified_gmt":"2024-10-08T12:10:59","slug":"gm-recebe-novas-armas-nao-letais","status":"publish","type":"post","link":"http:\/\/www.apucarana.pr.gov.br\/site\/gm-recebe-novas-armas-nao-letais\/","title":{"rendered":"GM recebe novas armas n\u00e3o letais"},"content":{"rendered":"<\/p>\n<p><span style=\"letter-spacing: -0.02em; line-height: 1.45em; background-color: initial;\">A Guarda Municipal de Apucarana recebeu hoje (23) um lote de quatorze conjuntos de armas n\u00e3o letais, da marca Spark, produzidas no Brasil. Os equipamentos foram adquiridos por meio do Cons\u00f3rcio Intermunicipal de Seguran\u00e7a da Regi\u00e3o Metropolitana de Londrina (Cismel), ao custo de R$ 40,6 mil.<\/span><\/p>\n<p>Segundo o comandante da GM, Edinei Francisco da Silva, os Sparks j\u00e1 foram testados e ser\u00e3o imediatamente colocados \u00e0 disposi\u00e7\u00e3o das equipes, que passaram a portar o equipamento em suas escalas rotineiras de trabalho. &ldquo;Trata-se de um armamento n\u00e3o letal bastante eficiente em situa\u00e7\u00f5es aonde \u00e9 preciso neutralizar ou conter um agressor&rdquo;, avalia o comandante.<\/p>\n<p>Segundo ele, dos dez conjuntos Taser, recebidos em 2009, de fabrica\u00e7\u00e3o americana, quatro ainda est\u00e3o em uso. &ldquo;Os demais apresentaram avarias e n\u00e3o temos acesso a manuten\u00e7\u00e3o&rdquo;, informou.<\/p>\n<p>O prefeito Beto Preto anunciou que, nas pr\u00f3ximas semanas, a GM de Apucarana vai receber tamb\u00e9m novos sistemas de comunica\u00e7\u00e3o, incluindo r\u00e1dios m\u00f3veis, fixos e HTs. &ldquo;Estamos empenhados em dotar a Guarda Municipal de todos equipamentos necess\u00e1rios para o bom desempenho de suas atividades&rdquo;, afirmou.<\/p>\n<p>Em evento realizado na manh\u00e3 de ontem na sede da Guarda Municipal, Marcos Ant&ocirc;nio Fechio, instrutor de Taser e Spark, fez demonstra\u00e7\u00f5es de como o equipamento pode ser utilizado em diversas situa\u00e7\u00f5es de conflito. &ldquo;A principal fun\u00e7\u00e3o do Spark \u00e9 provocar a incapacita\u00e7\u00e3o neuro-muscular por cinco segundos, tempo necess\u00e1rio para neutralizar e algemar a pessoa alvo&rdquo;, explicou Fechio, acrescentando que a pistola tem 50 mil volts, mas a descarga \u00e9 de baixa amperagem e n\u00e3o deixa sequelas.<\/p>\n<\/p>\n<p><\/p>\n","protected":false},"excerpt":{"rendered":"<p>Equipamentos de fabrica&ccedil;&atilde;o nacional ser&atilde;o usados no dia a dia da corpora&ccedil;&atilde;o<\/p>\n","protected":false},"author":4,"featured_media":0,"comment_status":"closed","ping_status":"closed","sticky":false,"template":"","format":"standard","meta":{"footnotes":""},"categories":[24],"tags":[],"class_list":["post-2774","post","type-post","status-publish","format-standard","hentry","category-noticias"],"acf":[],"_links":{"self":[{"href":"http:\/\/www.apucarana.pr.gov.br\/site\/wp-json\/wp\/v2\/posts\/2774","targetHints":{"allow":["GET"]}}],"collection":[{"href":"http:\/\/www.apucarana.pr.gov.br\/site\/wp-json\/wp\/v2\/posts"}],"about":[{"href":"http:\/\/www.apucarana.pr.gov.br\/site\/wp-json\/wp\/v2\/types\/post"}],"author":[{"embeddable":true,"href":"http:\/\/www.apucarana.pr.gov.br\/site\/wp-json\/wp\/v2\/users\/4"}],"replies":[{"embeddable":true,"href":"http:\/\/www.apucarana.pr.gov.br\/site\/wp-json\/wp\/v2\/comments?post=2774"}],"version-history":[{"count":1,"href":"http:\/\/www.apucarana.pr.gov.br\/site\/wp-json\/wp\/v2\/posts\/2774\/revisions"}],"predecessor-version":[{"id":104105,"href":"http:\/\/www.apucarana.pr.gov.br\/site\/wp-json\/wp\/v2\/posts\/2774\/revisions\/104105"}],"wp:attachment":[{"href":"http:\/\/www.apucarana.pr.gov.br\/site\/wp-json\/wp\/v2\/media?parent=2774"}],"wp:term":[{"taxonomy":"category","embeddable":true,"href":"http:\/\/www.apucarana.pr.gov.br\/site\/wp-json\/wp\/v2\/categories?post=2774"},{"taxonomy":"post_tag","embeddable":true,"href":"http:\/\/www.apucarana.pr.gov.br\/site\/wp-json\/wp\/v2\/tags?post=2774"}],"curies":[{"name":"wp","href":"https:\/\/api.w.org\/{rel}","templated":true}]}}