{"id":2771,"date":"2015-04-23T16:36:00","date_gmt":"2015-04-23T16:36:00","guid":{"rendered":"http:\/\/172.16.0.7\/site-antigo\/?p=2771"},"modified":"2024-10-08T09:10:59","modified_gmt":"2024-10-08T12:10:59","slug":"filhote-de-macaco-e-nova-atracao-de-bosque-municipal","status":"publish","type":"post","link":"http:\/\/www.apucarana.pr.gov.br\/site\/filhote-de-macaco-e-nova-atracao-de-bosque-municipal\/","title":{"rendered":"Filhote de macaco \u00e9 nova atra\u00e7\u00e3o de bosque municipal"},"content":{"rendered":"<p><p><span style=\"letter-spacing: -0.02em; line-height: 1.45em; background-color: initial;\">Com cerca de 30 dias e apenas alguns gramas, o filhote de macaco-prego ainda n\u00e3o se desgruda de sua m\u00e3e, mas vem chamando a aten\u00e7\u00e3o dos visitantes do Bosque Municipal Parque das Aves, de Apucarana. Protegido pela mam\u00e3e Belinha e pelo papai Chic\u00e3o, o pequeno primata desfruta de um in\u00edcio de vida bastante tranquilo em um espa\u00e7oso viveiro, de 150 metros quadrados, onde tamb\u00e9m conta com a companhia de outra jovem macaca de sua esp\u00e9cie, batizada pelos cuidadores de Chiquinha, que se comporta como uma &ldquo;titia-coruja&rdquo;. <\/p>\n<p>&ldquo;Foi uma grande alegria para toda a equipe quando descobriram o nascimento, logo pela manh\u00e3, quando \u00e9 realizada a limpeza do espa\u00e7o e servida a alimenta\u00e7\u00e3o&rdquo;, conta &Eacute;werton Pires, secret\u00e1rio Municipal de Meio Ambiente. Ele lembra que o bosque municipal \u00e9 hoje refer\u00eancia regional de abrigamento e exposi\u00e7\u00e3o, bem como tratamento m\u00e9dico-veterin\u00e1rio dispensado aos animais, onde recentemente, por exemplo, uma arara-canind\u00e9 conseguiu a cura de um c&acirc;ncer de garganta.<br \/><\/span><span style=\"letter-spacing: -0.02em; line-height: 1.45em; background-color: initial;\"><br \/>A reprodu\u00e7\u00e3o em cativeiro, como no caso do macaco-prego, \u00e9 vista como um excelente term&ocirc;metro pela profissional respons\u00e1vel pelo espa\u00e7o, bi\u00f3loga &Acirc;ngela Juliana Eckardt. &ldquo;Por se tratar de um espa\u00e7o aberto \u00e0 visita\u00e7\u00e3o, a procria\u00e7\u00e3o \u00e9 para n\u00f3s uma resposta positiva, de que eles est\u00e3o contentes e \u00e0 vontade com o tratamento recebido&rdquo;, diz a especialista que atua no local h\u00e1 cerca de 9 meses. Segundo ela, a outra f\u00eamea do viveiro &ndash; Chiquinha &ndash; tamb\u00e9m aparenta estar prenha de um meio-irm\u00e3o do filhote de cerca de 30 dias, ainda sem nome. &ldquo;N\u00e3o podemos afirmar com certeza, mas a suspeita \u00e9 bastante grande&rdquo;, informa.<br \/><\/span><span style=\"letter-spacing: -0.02em; line-height: 1.45em; background-color: initial;\"><br \/>O sexo do novo morador do bosque ainda n\u00e3o p&ocirc;de ser definido. &ldquo;Estamos acompanhando visualmente seu desenvolvimento e optamos por n\u00e3o gerar estresse desnecess\u00e1rio, tanto para o filhote quanto para a m\u00e3e, que \u00e9 bastante protetora&rdquo;, comenta a bi\u00f3loga &Acirc;ngela.<br \/><\/span><span style=\"letter-spacing: -0.02em; line-height: 1.45em; background-color: initial;\"><br \/>O macaco-prego (Cebus apella) \u00e9 um primata encontrado na natureza da Venezuela ao Rio Grande do Sul, no Brasil. Alimenta-se de frutos, nozes, sementes, flores, insetos, ovos e pequenos vertebrados. <\/span><span style=\"letter-spacing: -0.02em; line-height: 1.45em; background-color: initial;\">As esp\u00e9cies possuem uma grande varia\u00e7\u00e3o na colora\u00e7\u00e3o da pelagem, variando de amarelo-claro at\u00e9 marrom-escuro. Podem viver em bandos de at\u00e9 50 indiv\u00edduos e s\u00e3o considerados os primatas mais inteligentes das Am\u00e9ricas.<\/p>\n<p>&Eacute; o \u00fanico primata neotropical que frequentemente utiliza ferramentas em ambiente natural. As ferramentas mais comuns s\u00e3o pedras utilizadas para quebra de frutos encapsulados (cocos), tamb\u00e9m utilizam varetas para capturar larvas de insetos e mel de ocos de \u00e1rvores, e pedras para cavar o solo em busca de ra\u00edzes comest\u00edveis.<br \/><\/span><span style=\"letter-spacing: -0.02em; line-height: 1.45em; background-color: initial;\"><br \/><b>Visita\u00e7\u00e3o<\/b><\/span><span style=\"letter-spacing: -0.02em; line-height: 1.45em; background-color: initial;\"> &#8211; O Bosque Municipal Parque das Aves funciona de ter\u00e7a-feira a domingo, sempre das 10 \u00e0s 17 horas, com entrada gratuita. Al\u00e9m de aves e mam\u00edferos, o local disp\u00f5e de r\u00e9pteis e est\u00e1 localizado na Rua Cl\u00f3vis da Fonseca, esquina com a Rua Jo\u00e3o Ant&ocirc;nio Braga Cortes (pr\u00f3ximo ao Country Clube). Mais informa\u00e7\u00f5es e agendamento de visita monitorada pelo telefone 3424-0774 ou 3423-0142.<\/span><\/p><\/p>\n","protected":false},"excerpt":{"rendered":"<p>A reprodu&ccedil;&atilde;o em cativeiro &eacute; vista como um excelente term&ocirc;metro pela profissional respons&aacute;vel pelo espa&ccedil;o<\/p>\n","protected":false},"author":4,"featured_media":0,"comment_status":"closed","ping_status":"closed","sticky":false,"template":"","format":"standard","meta":{"footnotes":""},"categories":[24],"tags":[],"class_list":["post-2771","post","type-post","status-publish","format-standard","hentry","category-noticias"],"acf":[],"_links":{"self":[{"href":"http:\/\/www.apucarana.pr.gov.br\/site\/wp-json\/wp\/v2\/posts\/2771","targetHints":{"allow":["GET"]}}],"collection":[{"href":"http:\/\/www.apucarana.pr.gov.br\/site\/wp-json\/wp\/v2\/posts"}],"about":[{"href":"http:\/\/www.apucarana.pr.gov.br\/site\/wp-json\/wp\/v2\/types\/post"}],"author":[{"embeddable":true,"href":"http:\/\/www.apucarana.pr.gov.br\/site\/wp-json\/wp\/v2\/users\/4"}],"replies":[{"embeddable":true,"href":"http:\/\/www.apucarana.pr.gov.br\/site\/wp-json\/wp\/v2\/comments?post=2771"}],"version-history":[{"count":1,"href":"http:\/\/www.apucarana.pr.gov.br\/site\/wp-json\/wp\/v2\/posts\/2771\/revisions"}],"predecessor-version":[{"id":104108,"href":"http:\/\/www.apucarana.pr.gov.br\/site\/wp-json\/wp\/v2\/posts\/2771\/revisions\/104108"}],"wp:attachment":[{"href":"http:\/\/www.apucarana.pr.gov.br\/site\/wp-json\/wp\/v2\/media?parent=2771"}],"wp:term":[{"taxonomy":"category","embeddable":true,"href":"http:\/\/www.apucarana.pr.gov.br\/site\/wp-json\/wp\/v2\/categories?post=2771"},{"taxonomy":"post_tag","embeddable":true,"href":"http:\/\/www.apucarana.pr.gov.br\/site\/wp-json\/wp\/v2\/tags?post=2771"}],"curies":[{"name":"wp","href":"https:\/\/api.w.org\/{rel}","templated":true}]}}