{"id":2769,"date":"2015-04-22T22:07:00","date_gmt":"2015-04-22T22:07:00","guid":{"rendered":"http:\/\/172.16.0.7\/site-antigo\/?p=2769"},"modified":"2024-10-08T09:10:59","modified_gmt":"2024-10-08T12:10:59","slug":"prefeitura-discute-regularizacao-de-espacos-no-terminal-urbano","status":"publish","type":"post","link":"http:\/\/www.apucarana.pr.gov.br\/site\/prefeitura-discute-regularizacao-de-espacos-no-terminal-urbano\/","title":{"rendered":"Prefeitura discute regulariza\u00e7\u00e3o de espa\u00e7os no terminal urbano"},"content":{"rendered":"<\/p>\n<p><span style=\"letter-spacing: -0.02em; line-height: 1.45em; background-color: initial;\">Com o fim do contrato de concess\u00e3o de espa\u00e7os no terminal Urbano de Transporte Coletivo, a Prefeitura de Apucarana oficializou hoje um novo termo de permiss\u00e3o de uso com os lojistas, feirantes e artes\u00e3os que trabalham no local.<\/span><\/p>\n<p><span style=\"letter-spacing: -0.02em; line-height: 1.45em; background-color: initial;\">  <\/p>\n<p><b><u>Click nos links de \u00e1udio acima<\/u><\/b><\/p>\n<p>  <\/span><\/p>\n<p>Ao mesmo tempo, o prefeito Beto Preto, anunciou os valores definidos para loca\u00e7\u00e3o dos espa\u00e7os. Os artes\u00e3os e feirantes ir\u00e3o arcar com um custo mensal de R$ 5,00 (cinco reais) por metro quadrado, enquanto que os lojistas pagar\u00e3o R$ 15,00 (quinze reais) por metro quadrado de espa\u00e7o utilizado dentro do Terminal Urbano.<\/p>\n<p>Os valores foram considerados razo\u00e1veis comerciantes, feirantes e artes\u00e3os. &ldquo;A nossa situa\u00e7\u00e3o est\u00e1 sendo regularizada e n\u00e3o temos do que reclamar dos valores propostos para aluguel dos espa\u00e7os&rdquo;, comentou Benedito Francisco da Fonseca, presidente da associa\u00e7\u00e3o dos lojistas do terminal. O lojista conta que seu pai trabalhou por 25 anos no local e que ele j\u00e1 completou mais 35 anos.<\/p>\n<p>&ldquo;A reuni\u00e3o com os lojistas, feirantes e artes\u00e3os que atuam no Terminal Urbano de Transporte Coletivo foi muito proveitosa. O contrato de concess\u00e3o terminou em 2013 e agora, mediante projeto de lei aprovado pela C&acirc;mara de Vereadores, estamos regularizando a situa\u00e7\u00e3o de todos, definindo um valor justo e razo\u00e1vel para o aluguel&rdquo;, avaliou o prefeito Beto Preto.<\/p>\n<p>Durante a reuni\u00e3o, o prefeito aproveitou para anunciar as reformas e melhorias que pretende promover no pr\u00e9dio. &ldquo;Sabemos que existem infiltra\u00e7\u00f5es na cobertura e que existem muitos problemas nos sistemas hidr\u00e1ulico e el\u00e9trico&rdquo;, reconheceu ele.<\/p>\n<p>Segundo Beto Preto o pr\u00e9dio, al\u00e9m de gerar renda e empregos para cerca de 150 fam\u00edlias, o pr\u00e9dio do terminal urbano de transporte coletivo \u00e9 tamb\u00e9m um patrim&ocirc;nio hist\u00f3rico e cultural de Apucarana. &ldquo;Esper\u00e1vamos pela aprova\u00e7\u00e3o de uma emenda ao or\u00e7amento da Uni\u00e3o, que nos desse condi\u00e7\u00e3o financeira para realizar as reformas e melhoria no pr\u00e9dio, mas at\u00e9 agora isso n\u00e3o aconteceu&rdquo;, informou o prefeito, acrescentando que a prefeitura ir\u00e1 tocar a obra com recursos pr\u00f3prios.<\/p>\n<p><\/p>\n","protected":false},"excerpt":{"rendered":"<p>Munic&iacute;pio oficializou hoje um novo termo de permiss&atilde;o de uso com os lojistas, feirantes e artes&atilde;os que trabalham no local<\/p>\n","protected":false},"author":4,"featured_media":0,"comment_status":"closed","ping_status":"closed","sticky":false,"template":"","format":"standard","meta":{"footnotes":""},"categories":[24],"tags":[],"class_list":["post-2769","post","type-post","status-publish","format-standard","hentry","category-noticias"],"acf":[],"_links":{"self":[{"href":"http:\/\/www.apucarana.pr.gov.br\/site\/wp-json\/wp\/v2\/posts\/2769","targetHints":{"allow":["GET"]}}],"collection":[{"href":"http:\/\/www.apucarana.pr.gov.br\/site\/wp-json\/wp\/v2\/posts"}],"about":[{"href":"http:\/\/www.apucarana.pr.gov.br\/site\/wp-json\/wp\/v2\/types\/post"}],"author":[{"embeddable":true,"href":"http:\/\/www.apucarana.pr.gov.br\/site\/wp-json\/wp\/v2\/users\/4"}],"replies":[{"embeddable":true,"href":"http:\/\/www.apucarana.pr.gov.br\/site\/wp-json\/wp\/v2\/comments?post=2769"}],"version-history":[{"count":1,"href":"http:\/\/www.apucarana.pr.gov.br\/site\/wp-json\/wp\/v2\/posts\/2769\/revisions"}],"predecessor-version":[{"id":104110,"href":"http:\/\/www.apucarana.pr.gov.br\/site\/wp-json\/wp\/v2\/posts\/2769\/revisions\/104110"}],"wp:attachment":[{"href":"http:\/\/www.apucarana.pr.gov.br\/site\/wp-json\/wp\/v2\/media?parent=2769"}],"wp:term":[{"taxonomy":"category","embeddable":true,"href":"http:\/\/www.apucarana.pr.gov.br\/site\/wp-json\/wp\/v2\/categories?post=2769"},{"taxonomy":"post_tag","embeddable":true,"href":"http:\/\/www.apucarana.pr.gov.br\/site\/wp-json\/wp\/v2\/tags?post=2769"}],"curies":[{"name":"wp","href":"https:\/\/api.w.org\/{rel}","templated":true}]}}