{"id":2768,"date":"2015-04-22T19:05:59","date_gmt":"2015-04-22T19:05:59","guid":{"rendered":"http:\/\/172.16.0.7\/site-antigo\/?p=2768"},"modified":"2024-10-08T09:10:59","modified_gmt":"2024-10-08T12:10:59","slug":"comissao-organiza-conferencia-municipal-de-educacao","status":"publish","type":"post","link":"http:\/\/www.apucarana.pr.gov.br\/site\/comissao-organiza-conferencia-municipal-de-educacao\/","title":{"rendered":"Comiss\u00e3o organiza Confer\u00eancia Municipal de Educa\u00e7\u00e3o"},"content":{"rendered":"<p><p><span style=\"letter-spacing: -0.02em; line-height: 1.45em; background-color: initial;\">Formada em novembro do ano passado, a comiss\u00e3o organizadora da constru\u00e7\u00e3o do Plano Municipal de Educa\u00e7\u00e3o (PME), se reuniu hoje (22) visando definir estrat\u00e9gias para a pr\u00e9-confer\u00eancia do PME, agendada para 30 de abril, na Associa\u00e7\u00e3o Cultural e Esportiva de Apucarana (ACEA). O grupo \u00e9 formado por representantes das redes municipal, estadual e particular de ensino, ensino superior p\u00fablico e privado e segmentos da comunidade.<\/span><\/p>\n<p>Desde a sua forma\u00e7\u00e3o, a comiss\u00e3o se empenhou em discutir nas suas respectivas comunidades as 20 metas do Plano Nacional de Educa\u00e7\u00e3o. &ldquo;O resultado destas discuss\u00f5es ser\u00e3o apresentadas em forma de sugest\u00f5es na pr\u00e9-confer\u00eancia. O momento tamb\u00e9m estar\u00e1 aberto a novas ideias que surgirem no momento&rdquo;, informa <span>diretora-presidente da Autarquia de Educa\u00e7\u00e3o, professora Marli Regina Fernandes da Silva. <\/span><\/p>\n<p>A Confer\u00eancia Municipal de Educa\u00e7\u00e3o, que pretende reunir cerca de 500 participantes, ser\u00e1 realizada em dois dias. A abertura acontece no dia 15 de maio, no Cine Teatro F\u00eanix, com palestra sobre o tema. No dia seguinte, os participantes ser\u00e3o divididos em grupos para an\u00e1lise e aprova\u00e7\u00e3o das metas que v\u00e3o compor o Plano Municipal de Educa\u00e7\u00e3o.<\/p>\n<p><\/p>\n","protected":false},"excerpt":{"rendered":"<p>Evento vai discutir e aprovar Plano Municipal de Educa&ccedil;&atilde;o<\/p>\n","protected":false},"author":4,"featured_media":0,"comment_status":"closed","ping_status":"closed","sticky":false,"template":"","format":"standard","meta":{"footnotes":""},"categories":[24],"tags":[],"class_list":["post-2768","post","type-post","status-publish","format-standard","hentry","category-noticias"],"acf":[],"_links":{"self":[{"href":"http:\/\/www.apucarana.pr.gov.br\/site\/wp-json\/wp\/v2\/posts\/2768","targetHints":{"allow":["GET"]}}],"collection":[{"href":"http:\/\/www.apucarana.pr.gov.br\/site\/wp-json\/wp\/v2\/posts"}],"about":[{"href":"http:\/\/www.apucarana.pr.gov.br\/site\/wp-json\/wp\/v2\/types\/post"}],"author":[{"embeddable":true,"href":"http:\/\/www.apucarana.pr.gov.br\/site\/wp-json\/wp\/v2\/users\/4"}],"replies":[{"embeddable":true,"href":"http:\/\/www.apucarana.pr.gov.br\/site\/wp-json\/wp\/v2\/comments?post=2768"}],"version-history":[{"count":1,"href":"http:\/\/www.apucarana.pr.gov.br\/site\/wp-json\/wp\/v2\/posts\/2768\/revisions"}],"predecessor-version":[{"id":104111,"href":"http:\/\/www.apucarana.pr.gov.br\/site\/wp-json\/wp\/v2\/posts\/2768\/revisions\/104111"}],"wp:attachment":[{"href":"http:\/\/www.apucarana.pr.gov.br\/site\/wp-json\/wp\/v2\/media?parent=2768"}],"wp:term":[{"taxonomy":"category","embeddable":true,"href":"http:\/\/www.apucarana.pr.gov.br\/site\/wp-json\/wp\/v2\/categories?post=2768"},{"taxonomy":"post_tag","embeddable":true,"href":"http:\/\/www.apucarana.pr.gov.br\/site\/wp-json\/wp\/v2\/tags?post=2768"}],"curies":[{"name":"wp","href":"https:\/\/api.w.org\/{rel}","templated":true}]}}