{"id":2764,"date":"2015-04-22T15:49:59","date_gmt":"2015-04-22T15:49:59","guid":{"rendered":"http:\/\/172.16.0.7\/site-antigo\/?p=2764"},"modified":"2024-10-08T09:10:59","modified_gmt":"2024-10-08T12:10:59","slug":"mutirao-garante-calcadas-no-sanches-dos-santos","status":"publish","type":"post","link":"http:\/\/www.apucarana.pr.gov.br\/site\/mutirao-garante-calcadas-no-sanches-dos-santos\/","title":{"rendered":"Mutir\u00e3o garante cal\u00e7adas no Sanches dos Santos"},"content":{"rendered":"<\/p>\n<h2><span style=\"color: rgb(51, 51, 51); font-family: Arial, Helvetica, Verdana, Tahoma, sans-serif; font-size: 15px; letter-spacing: -0.02em; line-height: 1.45em; background-color: initial;\">Um m\u00eas atr\u00e1s moradores de trechos das ruasAndr\u00e9 Celso Spack, Nelson de Souza e Angelo Mantovani, no Residencial Sanches dos Santos ainda conviviam com a poeira e o barro. Agora, al\u00e9m do asfalto, eles trabalham em mutir\u00e3o para a constru\u00e7\u00e3o de cal\u00e7adas no bairro. A ades\u00e3o dos moradores foi boa e em duas ou tr\u00eas semanas, todas as casas da regi\u00e3o passar\u00e3o a dispor de cal\u00e7adas.<\/span><\/h2>\n<p><p><b><u>Click nos links de \u00e1udio acima<\/u><\/b><\/p>\n<\/p>\n<p>Eduardo da Rocha, presidente da Associa\u00e7\u00e3o dos Moradores do Sanches dos Santos, com uma p\u00e1 nas m\u00e3os era \u00e9 um dos mais animados, no mutir\u00e3o de constru\u00e7\u00e3o das cal\u00e7adas. &ldquo;J\u00e1 tem um bom n\u00famero de pessoas trabalhando na obra e espero que \u00e0 tarde a ades\u00e3o seja ainda maior&rdquo;, comemorou Rocha.<\/p>\n<p>A iniciativa da Prefeitura de Apucarana, por meio da Secretaria de Obras, \u00e9 um projeto piloto do &ldquo;Cal\u00e7ada Solid\u00e1ria&rdquo;. Com o programa, o prefeito pretende levar cal\u00e7adas para outros bairros da cidade. &ldquo;A prefeitura coloca t\u00e9cnicos, ve\u00edculos e m\u00e1quinas \u00e0 disposi\u00e7\u00e3o, doa as pedras e o concreto e espera obter a parceria dos moradores com a m\u00e3o de obra&rdquo;, explica Beto Preto.<\/p>\n<p>O prefeito pondera que a cidade tem um relevo muito acidentado e a falta de cal\u00e7adas, em diversos bairros, prejudica as pessoas. &ldquo;Precisamos trabalhar mais alternativas de acessibilidade e mobilidade urbana, visando favorecer principalmente idosos, crian\u00e7as, gestantes e portadores de defici\u00eancia&rdquo;, avalia.<\/p>\n<p>Durante a semana, oper\u00e1rios da prefeitura trabalharam no nivelamento das cal\u00e7adas e marca\u00e7\u00f5es (taliscas), para a posterior aplica\u00e7\u00e3o do concreto. &ldquo;Esperamos contar com a ades\u00e3o de muitas fam\u00edlias do Sanches dos Santos para a constru\u00e7\u00e3o das cal\u00e7adas nas ruas Andr\u00e9 Celso Spack, Nelson de Souza e Angelo Mantovani e em outras ruas aonde o asfalto deve chegar nos pr\u00f3ximos meses&rdquo;, assinala Beto Preto.<\/p>\n<p>O vice-prefeito Junior da Femac, acompanhado do superintendente de rela\u00e7\u00f5es com a comunidade, La\u00e9rcio de Morais, acompanhou ontem o mutir\u00e3o do &ldquo;cal\u00e7ada solid\u00e1ria&rdquo; e se manifestou contente com o que viu. &ldquo;Felizmente, os moradores do Sanches dos Sanches aderiram ao programa e o bairro vai ficar melhor para todos&rdquo;, avaliou.<\/p>\n<p>O trabalhador Fernando Aparecido das Dores, residente no N\u00facleo Habitacional das Ind\u00fastrias, se uniu ontem aos moradores do Sanches dos Santos. &ldquo;Moro aqui perto e resolvi ajudar na constru\u00e7\u00e3o das cal\u00e7adas, acho que a ideia lan\u00e7ada pela prefeitura \u00e9 muito boa&rdquo;, afirmou.<\/p>\n<p>Jos\u00e9 Faria, \u00e9 outro que se juntou ao mutir\u00e3o. &ldquo;Cada fam\u00edlia daqui ter\u00e1 uma boa economia com essa parceria feita com a prefeitura. O asfalto j\u00e1 chegou e agora todos t\u00eam a oportunidade de ter tamb\u00e9m a cal\u00e7ada em frente da sua casa&rdquo;, comentou Faria.<\/p>\n<p>Segundo o superintendente da Secretaria de Obras, Helligton Martins, a estimativa de gasto para a constru\u00e7\u00e3o de cal\u00e7adas (um metro de largura) em uma quadra \u00e9 de aproximadamente R$ 8 mil, com pedras, madeiras para nivelamento e uma camada de concreto de 3 cent\u00edmetros de espessura. &ldquo;A prefeitura tamb\u00e9m colocou \u00e0 disposi\u00e7\u00e3o dos moradores um mestre de obras, alguns oper\u00e1rios, dois caminh\u00f5es e uma bob-cat.<\/p>\n<p><\/p>\n","protected":false},"excerpt":{"rendered":"<p>Programa deve ser estendido a outros bairros de Apucarana, em parceria com moradores<\/p>\n","protected":false},"author":4,"featured_media":0,"comment_status":"closed","ping_status":"closed","sticky":false,"template":"","format":"standard","meta":{"footnotes":""},"categories":[24],"tags":[],"class_list":["post-2764","post","type-post","status-publish","format-standard","hentry","category-noticias"],"acf":[],"_links":{"self":[{"href":"http:\/\/www.apucarana.pr.gov.br\/site\/wp-json\/wp\/v2\/posts\/2764","targetHints":{"allow":["GET"]}}],"collection":[{"href":"http:\/\/www.apucarana.pr.gov.br\/site\/wp-json\/wp\/v2\/posts"}],"about":[{"href":"http:\/\/www.apucarana.pr.gov.br\/site\/wp-json\/wp\/v2\/types\/post"}],"author":[{"embeddable":true,"href":"http:\/\/www.apucarana.pr.gov.br\/site\/wp-json\/wp\/v2\/users\/4"}],"replies":[{"embeddable":true,"href":"http:\/\/www.apucarana.pr.gov.br\/site\/wp-json\/wp\/v2\/comments?post=2764"}],"version-history":[{"count":1,"href":"http:\/\/www.apucarana.pr.gov.br\/site\/wp-json\/wp\/v2\/posts\/2764\/revisions"}],"predecessor-version":[{"id":104115,"href":"http:\/\/www.apucarana.pr.gov.br\/site\/wp-json\/wp\/v2\/posts\/2764\/revisions\/104115"}],"wp:attachment":[{"href":"http:\/\/www.apucarana.pr.gov.br\/site\/wp-json\/wp\/v2\/media?parent=2764"}],"wp:term":[{"taxonomy":"category","embeddable":true,"href":"http:\/\/www.apucarana.pr.gov.br\/site\/wp-json\/wp\/v2\/categories?post=2764"},{"taxonomy":"post_tag","embeddable":true,"href":"http:\/\/www.apucarana.pr.gov.br\/site\/wp-json\/wp\/v2\/tags?post=2764"}],"curies":[{"name":"wp","href":"https:\/\/api.w.org\/{rel}","templated":true}]}}