{"id":2762,"date":"2015-04-17T18:54:00","date_gmt":"2015-04-17T18:54:00","guid":{"rendered":"http:\/\/172.16.0.7\/site-antigo\/?p=2762"},"modified":"2024-10-08T09:10:59","modified_gmt":"2024-10-08T12:10:59","slug":"unidades-de-conservacao-mantem-qualidade-ambiental","status":"publish","type":"post","link":"http:\/\/www.apucarana.pr.gov.br\/site\/unidades-de-conservacao-mantem-qualidade-ambiental\/","title":{"rendered":"Unidades de Conserva\u00e7\u00e3o mant\u00eam qualidade ambiental"},"content":{"rendered":"<\/p>\n<p><span style=\"letter-spacing: -0.02em; line-height: 1.45em; background-color: initial;\">Visita t\u00e9cnica realizada hoje pela engenheira florestal do Instituto Ambiental do Paran\u00e1 (IAP), Raquel Fila Vicente, definiu como est\u00e1vel o \u00edndice de qualidade ambiental das duas Unidades de Conserva\u00e7\u00e3o de Apucarana: Parque Ecol\u00f3gico da Raposa e \u00e0 Col&ocirc;nia Mineira. O resultado da an\u00e1lise garante a manuten\u00e7\u00e3o do mesmo \u00edndice do ICMS Ecol\u00f3gico, que rendeu ao munic\u00edpio R$ 631.026,98 em 2014.<\/span><\/p>\n<p><span style=\"letter-spacing: -0.02em; line-height: 1.45em; background-color: initial;\">  <\/p>\n<p><b><u>Click no link de \u00e1udio acima<\/u><\/b><\/p>\n<p>  <\/span><\/p>\n<p><span style=\"letter-spacing: -0.02em; line-height: 1.45em; background-color: initial;\">O ICMS Ecol\u00f3gico \u00e9 um repasse financeiro feito pelo Governo do Paran\u00e1 como forma de recompensar os munic\u00edpios que abrigam em seu territ\u00f3rio Unidades de Conserva\u00e7\u00e3o ou \u00e1reas protegidas, ou ainda mananciais para abastecimento de munic\u00edpios vizinhos.<\/span><\/p>\n<p> Em compara\u00e7\u00e3o ao ano de 2012, quando o ICMS Ecol\u00f3gico para a cidade somou R$ 355.197,31, o percentual referente ao exerc\u00edcio de 2013 foi praticamente o dobro. O secret\u00e1rio da Secretaria do Meio Ambiente (Sema), &Eacute;werton Pires, lembra que este crescimento \u00e9 resultado da pol\u00edtica de investimentos autorizada pelo prefeito Beto Preto (PT). &ldquo;Ao longo desta administra\u00e7\u00e3o n\u00e3o medimos esfor\u00e7os para promover as a\u00e7\u00f5es necess\u00e1rias para que obtiv\u00e9ssemos mais recursos junto ao repasse do ICMS Ecol\u00f3gico&rdquo;, afirmou Pires.<br \/> Os recursos do ICMS Ecol\u00f3gico s\u00e3o administrados pela pr\u00f3pria Sema e revertidos para a\u00e7\u00f5es de melhorias e prote\u00e7\u00e3o nestes locais de conserva\u00e7\u00e3o permanente, atividades de fiscaliza\u00e7\u00e3o, materiais para a\u00e7\u00f5es ambientais em outros parques de Apucarana, bem como atividades administrativas e operacionais da pr\u00f3pria secretaria de meio ambiente.<br \/> O ICMS Ecol\u00f3gico \u00e9 administrado pelo Instituto Ambiental do Paran\u00e1 (IAP). De acordo com a legisla\u00e7\u00e3o vigente, do total do ICMS arrecadado pelo Estado, 5% \u00e9 destinado para os munic\u00edpios, proporcionalmente \u00e0s Unidades em fun\u00e7\u00e3o do tamanho, import&acirc;ncia, grau de investimento na \u00e1rea, manancial de capta\u00e7\u00e3o e outros fatores.<\/p>\n<p><\/p>\n","protected":false},"excerpt":{"rendered":"<p>IAP definiu como est&aacute;vel o &iacute;ndice de qualidade ambiental das duas Unidades de Conserva&ccedil;&atilde;o de Apucarana: Parque Ecol&oacute;gico da Raposa e &agrave; Col&ocirc;nia Mineira<\/p>\n","protected":false},"author":4,"featured_media":0,"comment_status":"closed","ping_status":"closed","sticky":false,"template":"","format":"standard","meta":{"footnotes":""},"categories":[24],"tags":[],"class_list":["post-2762","post","type-post","status-publish","format-standard","hentry","category-noticias"],"acf":[],"_links":{"self":[{"href":"http:\/\/www.apucarana.pr.gov.br\/site\/wp-json\/wp\/v2\/posts\/2762","targetHints":{"allow":["GET"]}}],"collection":[{"href":"http:\/\/www.apucarana.pr.gov.br\/site\/wp-json\/wp\/v2\/posts"}],"about":[{"href":"http:\/\/www.apucarana.pr.gov.br\/site\/wp-json\/wp\/v2\/types\/post"}],"author":[{"embeddable":true,"href":"http:\/\/www.apucarana.pr.gov.br\/site\/wp-json\/wp\/v2\/users\/4"}],"replies":[{"embeddable":true,"href":"http:\/\/www.apucarana.pr.gov.br\/site\/wp-json\/wp\/v2\/comments?post=2762"}],"version-history":[{"count":1,"href":"http:\/\/www.apucarana.pr.gov.br\/site\/wp-json\/wp\/v2\/posts\/2762\/revisions"}],"predecessor-version":[{"id":104117,"href":"http:\/\/www.apucarana.pr.gov.br\/site\/wp-json\/wp\/v2\/posts\/2762\/revisions\/104117"}],"wp:attachment":[{"href":"http:\/\/www.apucarana.pr.gov.br\/site\/wp-json\/wp\/v2\/media?parent=2762"}],"wp:term":[{"taxonomy":"category","embeddable":true,"href":"http:\/\/www.apucarana.pr.gov.br\/site\/wp-json\/wp\/v2\/categories?post=2762"},{"taxonomy":"post_tag","embeddable":true,"href":"http:\/\/www.apucarana.pr.gov.br\/site\/wp-json\/wp\/v2\/tags?post=2762"}],"curies":[{"name":"wp","href":"https:\/\/api.w.org\/{rel}","templated":true}]}}