{"id":2761,"date":"2015-04-17T18:49:59","date_gmt":"2015-04-17T18:49:59","guid":{"rendered":"http:\/\/172.16.0.7\/site-antigo\/?p=2761"},"modified":"2024-10-08T09:10:59","modified_gmt":"2024-10-08T12:10:59","slug":"projeto-piloto-do-calcada-solidaria-sera-lancado-amanha","status":"publish","type":"post","link":"http:\/\/www.apucarana.pr.gov.br\/site\/projeto-piloto-do-calcada-solidaria-sera-lancado-amanha\/","title":{"rendered":"Projeto piloto do &#8220;Cal\u00e7ada Solid\u00e1ria&#8221; ser\u00e1 lan\u00e7ado amanh\u00e3"},"content":{"rendered":"<p><p><span style=\"letter-spacing: -0.02em; line-height: 1.45em; background-color: initial;\">A Prefeitura de Apucarana, por meio da Secretaria de Obras, lan\u00e7a amanh\u00e3 (18) o Programa Cal\u00e7ada Solid\u00e1ria. A iniciativa prev\u00ea a implanta\u00e7\u00e3o de cal\u00e7adas em parceria com os contribuintes. O projeto piloto est\u00e1 sendo realizado em parte do Residencial Sanches dos santos.<\/span><\/p>\n<p>O munic\u00edpio vai fornecer o material e os moradores participam com a m\u00e3o de obra.&ldquo;Conclu\u00edmos a poucos dias uma nova etapa de pavimenta\u00e7\u00e3o asfaltica neste bairro e agora estamos mobilizando a comunidade para participar do projeto cal\u00e7ada solid\u00e1ria&rdquo;, informa o prefeito Beto Preto.<\/p>\n<p>Nesta semana, oper\u00e1rios da prefeitura trabalharam no nivelamento das cal\u00e7adas e marca\u00e7\u00f5es (taliscas), para a posterior aplica\u00e7\u00e3o do concreto. &ldquo;Esperamos contar com a ades\u00e3o de muitas fam\u00edlias do Sanches dos Santos na constru\u00e7\u00e3o das cal\u00e7adas em tr\u00eas trechos das ruas Andr\u00e9 Celso Spack, Nelson de Souza e Angelo Mantovani&rdquo;, assinala Beto Preto, acrescentando que a ideia \u00e9 levar o programa para outros bairros.<\/p>\n<p>O presidente da Associa\u00e7\u00e3o de Moradores do Sanches dos Santos, Eduardo da Rocha, revela que a comunidade gostou da proposta. &ldquo;J\u00e1 ganhamos o asfalto e agora vai ficar ainda melhor com as cal\u00e7adas&rdquo;, avalia Rocha, acrescentando que cada fam\u00edlia ter\u00e1 uma boa economia com essa parceria com a prefeitura. O mutir\u00e3o para constru\u00e7\u00e3o das cal\u00e7adas est\u00e1 previsto para come\u00e7ar as 8 horas deste s\u00e1bado (hoje).<\/p>\n<p><\/p>\n","protected":false},"excerpt":{"rendered":"<p>Iniciativa prev&ecirc; a implanta&ccedil;&atilde;o de cal&ccedil;adas em parceria com os contribuintes<\/p>\n","protected":false},"author":4,"featured_media":0,"comment_status":"closed","ping_status":"closed","sticky":false,"template":"","format":"standard","meta":{"footnotes":""},"categories":[24],"tags":[],"class_list":["post-2761","post","type-post","status-publish","format-standard","hentry","category-noticias"],"acf":[],"_links":{"self":[{"href":"http:\/\/www.apucarana.pr.gov.br\/site\/wp-json\/wp\/v2\/posts\/2761","targetHints":{"allow":["GET"]}}],"collection":[{"href":"http:\/\/www.apucarana.pr.gov.br\/site\/wp-json\/wp\/v2\/posts"}],"about":[{"href":"http:\/\/www.apucarana.pr.gov.br\/site\/wp-json\/wp\/v2\/types\/post"}],"author":[{"embeddable":true,"href":"http:\/\/www.apucarana.pr.gov.br\/site\/wp-json\/wp\/v2\/users\/4"}],"replies":[{"embeddable":true,"href":"http:\/\/www.apucarana.pr.gov.br\/site\/wp-json\/wp\/v2\/comments?post=2761"}],"version-history":[{"count":1,"href":"http:\/\/www.apucarana.pr.gov.br\/site\/wp-json\/wp\/v2\/posts\/2761\/revisions"}],"predecessor-version":[{"id":104118,"href":"http:\/\/www.apucarana.pr.gov.br\/site\/wp-json\/wp\/v2\/posts\/2761\/revisions\/104118"}],"wp:attachment":[{"href":"http:\/\/www.apucarana.pr.gov.br\/site\/wp-json\/wp\/v2\/media?parent=2761"}],"wp:term":[{"taxonomy":"category","embeddable":true,"href":"http:\/\/www.apucarana.pr.gov.br\/site\/wp-json\/wp\/v2\/categories?post=2761"},{"taxonomy":"post_tag","embeddable":true,"href":"http:\/\/www.apucarana.pr.gov.br\/site\/wp-json\/wp\/v2\/tags?post=2761"}],"curies":[{"name":"wp","href":"https:\/\/api.w.org\/{rel}","templated":true}]}}