{"id":2759,"date":"2015-04-17T15:24:00","date_gmt":"2015-04-17T15:24:00","guid":{"rendered":"http:\/\/172.16.0.7\/site-antigo\/?p=2759"},"modified":"2024-10-08T09:11:00","modified_gmt":"2024-10-08T12:11:00","slug":"apucarana-segue-no-paranaense-de-drift-trike","status":"publish","type":"post","link":"http:\/\/www.apucarana.pr.gov.br\/site\/apucarana-segue-no-paranaense-de-drift-trike\/","title":{"rendered":"Apucarana segue no paranaense de Drift Trike"},"content":{"rendered":"<p><p><span style=\"letter-spacing: -0.02em; line-height: 1.45em; background-color: initial;\">A equipe Drift Trike Apucarana Stroke (DTA) participa neste final de semana, em Guarapuava, da segunda etapa do Campeonato Paranaense de Drift Trike, que \u00e9 uma esp\u00e9cie de triciclo que pode atingir at\u00e9 70 km\/h. Origin\u00e1ria dos Estados Unidos, a modalidade est\u00e1 ganhando cada vez mais adeptos no Brasil. <\/p>\n<p>&ldquo;Abrimos o ano de 2015 muito bem, com a pilota Renata Garcia vencendo a primeira etapa do Feminino e o Willian Marcondes (Bil) conseguindo o 2&deg; lugar na Categoria PRO&rdquo;, informa Rodrigo Barbosa (Dime), presidente do Drift Trike de Apucarana (DTA). &ldquo;Estamos indo para cidade de Guarapuava em 11 pilotos que v\u00e3o disputar tr\u00eas categorias&rdquo;, conta.<br \/><\/span><span style=\"letter-spacing: -0.02em; line-height: 1.45em; background-color: initial;\"><br \/>Na primeira etapa, a Secretaria Municipal de Esportes e Lazer contribuiu com o transporte da equipe. &ldquo;Desta vez n\u00e3o teremos o apoio do &ocirc;nibus, pois o ve\u00edculo j\u00e1 havia sido agendado para outro compromisso no mesmo dia, mas agradecemos a ajuda e apoio de nosso secret\u00e1rio Paulo Kisner para com nossa modalidade&rdquo;, destaca Dime, que convida interessados para conhecer o esporte. &ldquo;Geralmente andamos e treinamentos as quintas-feiras, no per\u00edodo da noite, no novo loteamento aos fundos do N\u00facleo Jo\u00e3o Paulo&rdquo;, comunica.<br \/><\/span><span style=\"letter-spacing: -0.02em; line-height: 1.45em; background-color: initial;\"><br \/>A etapa de Guarapuava acontecer\u00e1 na Serra do Jord\u00e3o e contar\u00e1 com a presen\u00e7a de mais 210 pilotos dos estados do Paran\u00e1, Santa Catarina e S\u00e3o Paulo.<br \/><\/span><span style=\"letter-spacing: -0.02em; line-height: 1.45em; background-color: initial;\"><br \/><b>Equipe Apucarana de Drift Strike que vai a Guarapuava<br \/><\/b><\/span><b style=\"letter-spacing: -0.02em; line-height: 1.45em; background-color: initial;\"><br \/>Categoria Feminina &#8211;<br \/><\/b><span style=\"letter-spacing: -0.02em; line-height: 1.45em; background-color: initial;\">Renata Garcia (Campe\u00e3 Paranaense de 2014)<br \/><\/span><span style=\"letter-spacing: -0.02em; line-height: 1.45em; background-color: initial;\"><br \/><b>Categoria Infanto Juvenil at\u00e9 17 anos<br \/><\/b><\/span><span style=\"letter-spacing: -0.02em; line-height: 1.45em; background-color: initial;\">Jo\u00e3o Felipe Aranda<br \/><\/span><span style=\"letter-spacing: -0.02em; line-height: 1.45em; background-color: initial;\">Jo\u00e3o Vitor<br \/><\/span><span style=\"letter-spacing: -0.02em; line-height: 1.45em; background-color: initial;\">Allan Marcondes<br \/><\/span><span style=\"letter-spacing: -0.02em; line-height: 1.45em; background-color: initial;\">Nathan Braz<br \/><\/span><span style=\"letter-spacing: -0.02em; line-height: 1.45em; background-color: initial;\"><br \/><b>Categoria PRO Adulto &#8211;<br \/><\/b><\/span><span style=\"letter-spacing: -0.02em; line-height: 1.45em; background-color: initial;\">Dime (Presidente do DTA Stroke)<br \/><\/span><span style=\"letter-spacing: -0.02em; line-height: 1.45em; background-color: initial;\">Herrero Junior<br \/><\/span><span style=\"letter-spacing: -0.02em; line-height: 1.45em; background-color: initial;\">Rodrigo Barbosa<br \/><\/span><span style=\"letter-spacing: -0.02em; line-height: 1.45em; background-color: initial;\">Willian Marcondes<br \/><\/span><span style=\"letter-spacing: -0.02em; line-height: 1.45em; background-color: initial;\">Igor Marcondes<br \/><\/span><span style=\"letter-spacing: -0.02em; line-height: 1.45em; background-color: initial;\">Rafael Braz<\/span><\/p><\/p>\n","protected":false},"excerpt":{"rendered":"<p>Na primeira etapa, a Secretaria Municipal de Esportes e Lazer contribuiu com o transporte da equipe<\/p>\n","protected":false},"author":4,"featured_media":0,"comment_status":"closed","ping_status":"closed","sticky":false,"template":"","format":"standard","meta":{"footnotes":""},"categories":[24],"tags":[],"class_list":["post-2759","post","type-post","status-publish","format-standard","hentry","category-noticias"],"acf":[],"_links":{"self":[{"href":"http:\/\/www.apucarana.pr.gov.br\/site\/wp-json\/wp\/v2\/posts\/2759","targetHints":{"allow":["GET"]}}],"collection":[{"href":"http:\/\/www.apucarana.pr.gov.br\/site\/wp-json\/wp\/v2\/posts"}],"about":[{"href":"http:\/\/www.apucarana.pr.gov.br\/site\/wp-json\/wp\/v2\/types\/post"}],"author":[{"embeddable":true,"href":"http:\/\/www.apucarana.pr.gov.br\/site\/wp-json\/wp\/v2\/users\/4"}],"replies":[{"embeddable":true,"href":"http:\/\/www.apucarana.pr.gov.br\/site\/wp-json\/wp\/v2\/comments?post=2759"}],"version-history":[{"count":1,"href":"http:\/\/www.apucarana.pr.gov.br\/site\/wp-json\/wp\/v2\/posts\/2759\/revisions"}],"predecessor-version":[{"id":104121,"href":"http:\/\/www.apucarana.pr.gov.br\/site\/wp-json\/wp\/v2\/posts\/2759\/revisions\/104121"}],"wp:attachment":[{"href":"http:\/\/www.apucarana.pr.gov.br\/site\/wp-json\/wp\/v2\/media?parent=2759"}],"wp:term":[{"taxonomy":"category","embeddable":true,"href":"http:\/\/www.apucarana.pr.gov.br\/site\/wp-json\/wp\/v2\/categories?post=2759"},{"taxonomy":"post_tag","embeddable":true,"href":"http:\/\/www.apucarana.pr.gov.br\/site\/wp-json\/wp\/v2\/tags?post=2759"}],"curies":[{"name":"wp","href":"https:\/\/api.w.org\/{rel}","templated":true}]}}