{"id":2758,"date":"2015-04-17T16:59:59","date_gmt":"2015-04-17T16:59:59","guid":{"rendered":"http:\/\/172.16.0.7\/site-antigo\/?p=2758"},"modified":"2024-10-08T09:10:59","modified_gmt":"2024-10-08T12:10:59","slug":"mutirao-realiza-limpeza-geral-no-parque-da-raposa","status":"publish","type":"post","link":"http:\/\/www.apucarana.pr.gov.br\/site\/mutirao-realiza-limpeza-geral-no-parque-da-raposa\/","title":{"rendered":"Mutir\u00e3o realiza limpeza geral no Parque da Raposa"},"content":{"rendered":"<p><p><span style=\"letter-spacing: -0.02em; line-height: 1.45em; background-color: initial;\">Quem for aproveitar o final de semana e o feriado prolongado para dar um giro pelos parques de Apucarana via encontrar o Parque Ecol\u00f3gico da Raposa ainda mais bonito. Atrav\u00e9s de uma a\u00e7\u00e3o conjunta, as secretarias Municipais de Servi\u00e7os P\u00fablicos e de Meio Ambiente conclu\u00edram nesta sexta-feira (17\/04) um mutir\u00e3o que envolveu mais de 30 servidores, al\u00e9m de quatro caminh\u00f5es (dois do tipo pipa e dois ca\u00e7amba), dois tratores, uma camionete, al\u00e9m de ro\u00e7adeiras e outros equipamentos de uso manual.<br \/><\/span><span style=\"letter-spacing: -0.02em; line-height: 1.45em; background-color: initial;\"><br \/>&ldquo;H\u00e1 exatos dois anos, quando assumimos a prefeitura, encontramos o &ldquo;Raposa&rdquo; em uma situa\u00e7\u00e3o bastante deteriorada, resultado de anos de abandono. Investimos no processo de revitaliza\u00e7\u00e3o e, nesta oportunidade, voltamos a promover uma a\u00e7\u00e3o mais contundente, com servi\u00e7os de limpeza geral e manuten\u00e7\u00e3o da infraestrutura&rdquo;, informa o prefeito Beto Preto (PT).<br \/><\/span><span style=\"letter-spacing: -0.02em; line-height: 1.45em; background-color: initial;\"><br \/>Por se tratar de uma \u00e1rea de preserva\u00e7\u00e3o ambiental, o Parque Ecol\u00f3gico da Raposa est\u00e1 cadastrado junto ao Instituto Ambiental do Paran\u00e1 (IAP) para efeitos de recebimento do ICMS Ecol\u00f3gico, onde o quesito &ldquo;preserva\u00e7\u00e3o&rdquo; tem forte peso. &ldquo;Foram dois dias de trabalho, onde realizamos a ro\u00e7agem do parque e de seu entorno, retirada de galhos e troncos de \u00e1rvores que ca\u00edram naturalmente, a limpeza das 12 bicas com remo\u00e7\u00e3o de todo o lodo acumulado e tamb\u00e9m procedemos limpeza dos banheiros p\u00fablicos do local&rdquo;, informa Jaime Gon\u00e7alves, secret\u00e1rio de Servi\u00e7os P\u00fablicos.<br \/><\/span><span style=\"letter-spacing: -0.02em; line-height: 1.45em; background-color: initial;\"><br \/>Outro trabalho executado pelo mutir\u00e3o envolveu a recupera\u00e7\u00e3o asf\u00e1ltica. &ldquo;Nesta interven\u00e7\u00e3o tamb\u00e9m promovemos a opera\u00e7\u00e3o tapa-buracos, melhorando o acesso e o tr&acirc;nsito dos visitantes, que devem ser ainda em maior n\u00famero neste feriado&rdquo;, concluiu o prefeito Beto Preto.<br \/><\/span><span style=\"letter-spacing: -0.02em; line-height: 1.45em; background-color: initial;\"><br \/><b>Preserva\u00e7\u00e3o<\/b><\/span><span style=\"letter-spacing: -0.02em; line-height: 1.45em; background-color: initial;\"> &#8211; Inaugurado em 1989, o Parque Ecol\u00f3gico da Raposa \u00e9 uma Unidade de Conserva\u00e7\u00e3o (UC) e por isso recebe recursos do ICMS Ecol\u00f3gico. Localizada em \u00e1rea com 101 alqueires, dos quais 44 s\u00e3o de reserva florestal, o espa\u00e7o conta com lago, bicas de \u00e1gua, piscina natural, cascata artificial e quiosques. Al\u00e9m de uma importante \u00e1rea de lazer, \u00e9 um espa\u00e7o de preserva\u00e7\u00e3o ambiental onde s\u00e3o encontradas diversas esp\u00e9cies de \u00e1rvores nativas, animais, peixes e aves.<br \/><\/span><span style=\"letter-spacing: -0.02em; line-height: 1.45em; background-color: initial;\"><br \/>Historicamente, uma das principais atra\u00e7\u00f5es dos visitantes foi a contempla\u00e7\u00e3o de peixes, de esp\u00e9cies e tamanhos variados, \u00e0 beira do lago. O parque tamb\u00e9m \u00e9 alvo de estudos acad\u00eamicos, como um realizado recentemente por estudantes da Faculdade de Apucarana (FAP), que levantou dados sobre macacos-prego que habitam na reserva florestal. Frequentemente, os visitantes tamb\u00e9m se deparam com diversas aves, como gansos, gar\u00e7as, tucanos e outros animais silvestres.<br \/><\/span><span style=\"letter-spacing: -0.02em; line-height: 1.45em; background-color: initial;\"><br \/>O acesso principal ao Parque Ecol\u00f3gico da Raposa se d\u00e1 pela Rua Presb\u00edtero Benone Rodrigues Moreira, no Residencial Raposa (proximidades da APAE de Apucarana). Outras informa\u00e7\u00f5es 3423-0142.<\/span><\/p><\/p>\n","protected":false},"excerpt":{"rendered":"<p>Atrav&eacute;s de uma a&ccedil;&atilde;o conjunta, as secretarias Municipais de Servi&ccedil;os P&uacute;blicos e de Meio Ambiente conclu&iacute;ram nesta sexta-feira (17\/04) um mutir&atilde;o que envolveu mais de 30 servidores<\/p>\n","protected":false},"author":4,"featured_media":0,"comment_status":"closed","ping_status":"closed","sticky":false,"template":"","format":"standard","meta":{"footnotes":""},"categories":[24],"tags":[],"class_list":["post-2758","post","type-post","status-publish","format-standard","hentry","category-noticias"],"acf":[],"_links":{"self":[{"href":"http:\/\/www.apucarana.pr.gov.br\/site\/wp-json\/wp\/v2\/posts\/2758","targetHints":{"allow":["GET"]}}],"collection":[{"href":"http:\/\/www.apucarana.pr.gov.br\/site\/wp-json\/wp\/v2\/posts"}],"about":[{"href":"http:\/\/www.apucarana.pr.gov.br\/site\/wp-json\/wp\/v2\/types\/post"}],"author":[{"embeddable":true,"href":"http:\/\/www.apucarana.pr.gov.br\/site\/wp-json\/wp\/v2\/users\/4"}],"replies":[{"embeddable":true,"href":"http:\/\/www.apucarana.pr.gov.br\/site\/wp-json\/wp\/v2\/comments?post=2758"}],"version-history":[{"count":1,"href":"http:\/\/www.apucarana.pr.gov.br\/site\/wp-json\/wp\/v2\/posts\/2758\/revisions"}],"predecessor-version":[{"id":104120,"href":"http:\/\/www.apucarana.pr.gov.br\/site\/wp-json\/wp\/v2\/posts\/2758\/revisions\/104120"}],"wp:attachment":[{"href":"http:\/\/www.apucarana.pr.gov.br\/site\/wp-json\/wp\/v2\/media?parent=2758"}],"wp:term":[{"taxonomy":"category","embeddable":true,"href":"http:\/\/www.apucarana.pr.gov.br\/site\/wp-json\/wp\/v2\/categories?post=2758"},{"taxonomy":"post_tag","embeddable":true,"href":"http:\/\/www.apucarana.pr.gov.br\/site\/wp-json\/wp\/v2\/tags?post=2758"}],"curies":[{"name":"wp","href":"https:\/\/api.w.org\/{rel}","templated":true}]}}