{"id":2757,"date":"2015-04-17T13:18:59","date_gmt":"2015-04-17T13:18:59","guid":{"rendered":"http:\/\/172.16.0.7\/site-antigo\/?p=2757"},"modified":"2024-10-08T09:10:12","modified_gmt":"2024-10-08T12:10:12","slug":"servidora-municipal-assume-presidencia-do-conselho-do-idoso","status":"publish","type":"post","link":"http:\/\/www.apucarana.pr.gov.br\/site\/servidora-municipal-assume-presidencia-do-conselho-do-idoso\/","title":{"rendered":"Servidora municipal assume presid\u00eancia do Conselho do Idoso"},"content":{"rendered":"<p><span style=\"letter-spacing: -0.02em; line-height: 1.45em; background-color: initial;\">Pela primeira vez desde a sua cria\u00e7\u00e3o, em 1999, o Conselho Municipal do Idoso ter\u00e1 na presid\u00eancia um representante do Poder P\u00fablico. Trata-se da professora Lourdes Spaciari, servidora da Autarquia Municipal de Educa\u00e7\u00e3o (AME), que assumiu o cargo nesta sexta-feira (17\/04). O ato, realizado no gabinete do prefeito Beto Preto, contou ainda com a presen\u00e7a de Domingos Farinha, que deixou o cargo mas continuar\u00e1 colaborando como membro suplente do conselho.<br \/><\/span><span style=\"letter-spacing: -0.02em; line-height: 1.45em; background-color: initial;\"><br \/>O prefeito de Apucarana destacou o trabalho desenvolvido por Farinha, salientando seu dinamismo. &ldquo;Ele \u00e9 muito participativo, mantendo uma velocidade de vida que nos toca, que nos marca&rdquo;, assinalou Beto Preto, solicitando que a nova diretoria n\u00e3o prescinda dos seus servi\u00e7os. &ldquo;O conselho n\u00e3o pode abrir m\u00e3o da experi\u00eancia e da disposi\u00e7\u00e3o que o seu Domingos Farinha sempre demonstrou&rdquo;, refor\u00e7a.<br \/><\/span><span style=\"letter-spacing: -0.02em; line-height: 1.45em; background-color: initial;\"><br \/>Beto Preto deu as boas vindas \u00e0 nova diretoria, conclamando os membros do conselho e secret\u00e1rios municipais para alcan\u00e7arem, em conjunto, mais conquistas. &ldquo;Precisamos avan\u00e7ar, no campo dos direitos, na sa\u00fade, no esporte, na assist\u00eancia social&rdquo;, disse, citando o Projeto de Inclus\u00e3o Digital da Terceira Idade, que est\u00e1 sendo oferecido gratuitamente pelo Munic\u00edpio. &ldquo;Iniciamos com uma turma de 150 vagas. Por que n\u00e3o ampliarmos para sete turmas, atingindo 1.050 idosos?&rdquo;, sugeriu. Beto Preto tamb\u00e9m defende a cria\u00e7\u00e3o de novas op\u00e7\u00f5es em outros setores. &ldquo;Precisamos criar as condi\u00e7\u00f5es para dias mais prof\u00edcuos de conviv\u00eancia, alegria, mobilidade, sa\u00fade e at\u00e9 no esporte, com pr\u00e1ticas para exercitar a mente dos idosos&rdquo;, exemplifica.<br \/><\/span><span style=\"letter-spacing: -0.02em; line-height: 1.45em; background-color: initial;\"><br \/>Domingos Farinha fez um r\u00e1pido balan\u00e7o da sua gest\u00e3o, destacando valores da ordem de R$ 153 mil que est\u00e3o na conta do Fundo Municipal do Idoso. Os recursos foram repassados pelo Banco Ita\u00fa, destinados atrav\u00e9s do Imposto de Renda, para melhorias no Centro de Conviv\u00eancia do Idoso, localizado na Avenida Avia\u00e7\u00e3o.<br \/><\/span><span style=\"letter-spacing: -0.02em; line-height: 1.45em; background-color: initial;\"><br \/>Farinha tamb\u00e9m agradeceu todo o apoio e a receptividade da atual administra\u00e7\u00e3o. &ldquo;Fiquei, sinceramente, surpreso com o acolhimento. O meu ideal sempre foi a terceira idade, independentemente de cor partid\u00e1ria. A terceira idade estava abandonada em Apucarana e recebemos todo o apoio da atual administra\u00e7\u00e3o&rdquo;, manifestou Farinha.<br \/><\/span><span style=\"letter-spacing: -0.02em; line-height: 1.45em; background-color: initial;\"><br \/>A professora Lourdes Spaciari disse que, al\u00e9m de eventos como a Semana do Idoso e confer\u00eancias que j\u00e1 fazem parte do calend\u00e1rio, buscar\u00e1 implementar novidades. &ldquo;Vamos fazer tudo o que estiver ao nosso alcance para promover melhorias, colocando em pr\u00e1tica os ideais da terceira idade com colabora\u00e7\u00e3o de todos&rdquo;, frisa.<br \/><\/span><span style=\"letter-spacing: -0.02em; line-height: 1.45em; background-color: initial;\"><br \/>A secret\u00e1ria municipal de Assist\u00eancia Social, M\u00e1rcia Regina Sousa, esclarece que essa ser\u00e1 a primeira vez que um representante do Poder P\u00fablico assumir\u00e1 a presid\u00eancia do conselho porque somente pessoas com mais de 65 anos podem exercer a fun\u00e7\u00e3o. &ldquo;Ao longo dos anos nunca tivemos um membro dentro do conselho que reunisse essa condi\u00e7\u00e3o&rdquo;, pontua M\u00e1rcia, informando ainda que foram eleitos para ocupar a vice-presid\u00eancia Maria Mendon\u00e7a, a 1\u00aa secretaria Eulina Vicentini e para a 2\u00aa secretaria Maria Ant&ocirc;nia Macedo.<\/span><\/p>\n","protected":false},"excerpt":{"rendered":"<p>Ser&aacute; a primeira vez que um representante do Poder P&uacute;blico assumir&aacute; a presid&ecirc;ncia do conselho<\/p>\n","protected":false},"author":4,"featured_media":0,"comment_status":"closed","ping_status":"closed","sticky":false,"template":"","format":"standard","meta":{"footnotes":""},"categories":[24],"tags":[],"class_list":["post-2757","post","type-post","status-publish","format-standard","hentry","category-noticias"],"acf":[],"_links":{"self":[{"href":"http:\/\/www.apucarana.pr.gov.br\/site\/wp-json\/wp\/v2\/posts\/2757","targetHints":{"allow":["GET"]}}],"collection":[{"href":"http:\/\/www.apucarana.pr.gov.br\/site\/wp-json\/wp\/v2\/posts"}],"about":[{"href":"http:\/\/www.apucarana.pr.gov.br\/site\/wp-json\/wp\/v2\/types\/post"}],"author":[{"embeddable":true,"href":"http:\/\/www.apucarana.pr.gov.br\/site\/wp-json\/wp\/v2\/users\/4"}],"replies":[{"embeddable":true,"href":"http:\/\/www.apucarana.pr.gov.br\/site\/wp-json\/wp\/v2\/comments?post=2757"}],"version-history":[{"count":1,"href":"http:\/\/www.apucarana.pr.gov.br\/site\/wp-json\/wp\/v2\/posts\/2757\/revisions"}],"predecessor-version":[{"id":104123,"href":"http:\/\/www.apucarana.pr.gov.br\/site\/wp-json\/wp\/v2\/posts\/2757\/revisions\/104123"}],"wp:attachment":[{"href":"http:\/\/www.apucarana.pr.gov.br\/site\/wp-json\/wp\/v2\/media?parent=2757"}],"wp:term":[{"taxonomy":"category","embeddable":true,"href":"http:\/\/www.apucarana.pr.gov.br\/site\/wp-json\/wp\/v2\/categories?post=2757"},{"taxonomy":"post_tag","embeddable":true,"href":"http:\/\/www.apucarana.pr.gov.br\/site\/wp-json\/wp\/v2\/tags?post=2757"}],"curies":[{"name":"wp","href":"https:\/\/api.w.org\/{rel}","templated":true}]}}