{"id":2754,"date":"2015-04-17T12:54:00","date_gmt":"2015-04-17T12:54:00","guid":{"rendered":"http:\/\/172.16.0.7\/site-antigo\/?p=2754"},"modified":"2024-10-08T09:10:12","modified_gmt":"2024-10-08T12:10:12","slug":"produtores-de-maracuja-participam-de-manha-de-campo","status":"publish","type":"post","link":"http:\/\/www.apucarana.pr.gov.br\/site\/produtores-de-maracuja-participam-de-manha-de-campo\/","title":{"rendered":"Produtores de maracuj\u00e1 participam de manh\u00e3 de campo"},"content":{"rendered":"<\/p>\n<p>A Secretaria Municipal de Agricultura deu continuidade nesta sexta-feira (17\/04) aos encontros t\u00e9cnicos que est\u00e3o sendo realizados nas propriedades rurais. A segunda manh\u00e3 de campo da agenda, envolvendo produtores de maracuj\u00e1, ocorreu na propriedade de Maria Ratti de Moraes, localizada na Estrada do Rio Bom. Ap\u00f3s ocorrer o plantio, Munic\u00edpio est\u00e1 focando na assist\u00eancia t\u00e9cnica durante o per\u00edodo de desenvolvimento vegetativo das plantas. <\/p>\n<p>Os agricultores que aderiram ao maracuj\u00e1 dentro do projeto de fruticultura, atrav\u00e9s do Programa Terra Forte, foram recepcionados com um caf\u00e9 da manh\u00e3. Estiveram presentes na abertura das atividades o secret\u00e1rio municipal de Agricultura, Jo\u00e3o Carmo Fonseca, e Adenir Carvalho, coordenador regional de sustentabilidade da Emater, al\u00e9m de t\u00e9cnicos municipais. <\/p>\n<p>Fonseca lembra que o Programa Terra Forte foi lan\u00e7ado na \u00e9poca em que houve uma forte geada, em 2013, que afetou especialmente as lavouras de caf\u00e9. &ldquo;Desde o in\u00edcio desta gest\u00e3o, estamos colocando em pr\u00e1tica alternativas de diversifica\u00e7\u00e3o, como a fruticultura, buscando absorver a m\u00e3o de obra familiar e agregar valor \u00e0 produ\u00e7\u00e3o&rdquo;, frisa o secret\u00e1rio, observando que culturas tradicionais como o caf\u00e9 v\u00eam perdendo espa\u00e7o na \u00faltima d\u00e9cada.<\/p>\n<p>Nesta primeira etapa do projeto de fruticultura, o Munic\u00edpio distribuiu mudas de goiaba, maracuj\u00e1, figo, uva e morango a 144 produtores rurais. &ldquo;Agora as plantas est\u00e3o em desenvolvimento vegetativo e estamos aproveitando esse momento para realizar eventos nas propriedades, para que os produtores vejam na pr\u00e1tica as principais t\u00e9cnicas de cultivo&rdquo;, explica. A primeira manh\u00e3 de campo envolveu produtores de goiaba, nesta sexta abrangeu a cultura do maracuj\u00e1 e na pr\u00f3xima semana ser\u00e1 a vez dos produtores de figo e de uva.<\/p>\n<p>De acordo com o t\u00e9cnico agr\u00edcola Robson Jos\u00e9 Menegardi, o Munic\u00edpio distribuiu em novembro do ano passado 18 mil mudas de maracuj\u00e1 a 22 produtores, somando uma \u00e1rea cultivada no munic\u00edpio de 13,5 hectares. &ldquo;A primeira boa produ\u00e7\u00e3o vai ocorrer um ano ap\u00f3s o plantio. A nossa expectativa \u00e9 atingir, com os agricultores que aderiram ao projeto, uma produ\u00e7\u00e3o de cerca de 200 toneladas por ano&rdquo;, estima. Segundo as regras do programa, os agricultores entregar\u00e3o parte da produ\u00e7\u00e3o como forma de pagamento do incentivo recebido, frutas que ir\u00e3o enriquecer a merenda escolar bem como projetos sociais.<\/p>\n<p>A manh\u00e3 de campo dedicada \u00e0 cultura do maracuj\u00e1 repassou diversas orienta\u00e7\u00f5es sobre aduba\u00e7\u00e3o, condu\u00e7\u00e3o e tutoramento. &ldquo;Tamb\u00e9m abordamos o manejo integrado de pragas e doen\u00e7as. As principais preocupa\u00e7\u00f5es s\u00e3o quanto \u00e0 antracnose, bacteriose e verugose, al\u00e9m do v\u00edrus endurecimento do fruto&rdquo;, cita Menegardi. <\/p>\n<p>O evento t\u00e9cnico foi realizado na propriedade de Maria Ratti de Moraes, que esteve acompanhada do filho Vairo Vanderlei de Moraes. O s\u00edtio possui uma \u00e1rea de 22 alqueires, dos quais 15 alqueires s\u00e3o arrendados a terceiros. &ldquo;Sempre est\u00e1vamos acostumados a plantar caf\u00e9, soja e milho. O maracuj\u00e1 \u00e9 uma planta bastante sens\u00edvel. &Eacute; como tratar uma crian\u00e7a, pois tem que sempre estar cuidando&rdquo;, compara Vairo. <\/p>\n<p>Maria e Vairo plantaram 500 p\u00e9s de maracuj\u00e1, recebidos junto com o calc\u00e1rio e o fosfato natural atrav\u00e9s do Programa Terra Forte, desenvolvido pela Prefeitura de Apucarana. Ap\u00f3s fazerem a condu\u00e7\u00e3o das mudas, o pr\u00f3ximo passo ser\u00e1 refor\u00e7ar a aduba\u00e7\u00e3o, colocando nutrientes org&acirc;nicos (esterco de frango).<\/p>\n<p><b>PR&Oacute;XIMAS AGENDAS<\/b><\/p>\n<p>&#8211; MANH&Atilde; DE CAMPO (<b>figo)<\/b><\/p>\n<p>Dia: 22\/04 (quarta-feira)<\/p>\n<p>Hor\u00e1rio: 8h30<\/p>\n<p>Produtora: Giliarde Bertasso<\/p>\n<p>Local: S\u00edtio Nossa Senhora das Gra\u00e7as (Comunidade do Rio do Cerne)<\/p>\n<p>&#8211; MANH&Atilde; DE CAMPO (<b>uva<\/b>)<\/p>\n<p>Dia: 23\/04 (quinta-feira)<\/p>\n<p>Hor\u00e1rio: 8h30<\/p>\n<p>Produtora: Renato Yortzzchetz<\/p>\n<p>Local: S\u00edtio S\u00e3o Miguel (Estrada do Bilotte &ndash; Gleba Cambira)<\/p>\n<p><\/p>\n","protected":false},"excerpt":{"rendered":"<p>Depois do plantio, Munic&iacute;pio est&aacute; focando na assist&ecirc;ncia t&eacute;cnica durante o per&iacute;odo de desenvolvimento vegetativo<\/p>\n","protected":false},"author":4,"featured_media":0,"comment_status":"closed","ping_status":"closed","sticky":false,"template":"","format":"standard","meta":{"footnotes":""},"categories":[24],"tags":[],"class_list":["post-2754","post","type-post","status-publish","format-standard","hentry","category-noticias"],"acf":[],"_links":{"self":[{"href":"http:\/\/www.apucarana.pr.gov.br\/site\/wp-json\/wp\/v2\/posts\/2754","targetHints":{"allow":["GET"]}}],"collection":[{"href":"http:\/\/www.apucarana.pr.gov.br\/site\/wp-json\/wp\/v2\/posts"}],"about":[{"href":"http:\/\/www.apucarana.pr.gov.br\/site\/wp-json\/wp\/v2\/types\/post"}],"author":[{"embeddable":true,"href":"http:\/\/www.apucarana.pr.gov.br\/site\/wp-json\/wp\/v2\/users\/4"}],"replies":[{"embeddable":true,"href":"http:\/\/www.apucarana.pr.gov.br\/site\/wp-json\/wp\/v2\/comments?post=2754"}],"version-history":[{"count":1,"href":"http:\/\/www.apucarana.pr.gov.br\/site\/wp-json\/wp\/v2\/posts\/2754\/revisions"}],"predecessor-version":[{"id":104125,"href":"http:\/\/www.apucarana.pr.gov.br\/site\/wp-json\/wp\/v2\/posts\/2754\/revisions\/104125"}],"wp:attachment":[{"href":"http:\/\/www.apucarana.pr.gov.br\/site\/wp-json\/wp\/v2\/media?parent=2754"}],"wp:term":[{"taxonomy":"category","embeddable":true,"href":"http:\/\/www.apucarana.pr.gov.br\/site\/wp-json\/wp\/v2\/categories?post=2754"},{"taxonomy":"post_tag","embeddable":true,"href":"http:\/\/www.apucarana.pr.gov.br\/site\/wp-json\/wp\/v2\/tags?post=2754"}],"curies":[{"name":"wp","href":"https:\/\/api.w.org\/{rel}","templated":true}]}}