{"id":2753,"date":"2015-04-16T23:15:00","date_gmt":"2015-04-16T23:15:00","guid":{"rendered":"http:\/\/172.16.0.7\/site-antigo\/?p=2753"},"modified":"2024-10-08T09:10:12","modified_gmt":"2024-10-08T12:10:12","slug":"prefeitura-abre-licitacao-para-cras-da-vila-reis","status":"publish","type":"post","link":"http:\/\/www.apucarana.pr.gov.br\/site\/prefeitura-abre-licitacao-para-cras-da-vila-reis\/","title":{"rendered":"Prefeitura abre licita\u00e7\u00e3o para CRAS da Vila Reis"},"content":{"rendered":"<p><p><span style=\"letter-spacing: -0.02em; line-height: 1.45em; background-color: initial;\">O Prefeito Beto Preto e o subprefeito de Vila Reis,<\/span><span style=\"letter-spacing: -0.02em; line-height: 1.45em; background-color: initial;\">Ant&ocirc;nio Marques da Silva, o &ldquo;Marquinhos&rdquo;, como \u00e9 mais conhecido, assinaram hoje a autoriza\u00e7\u00e3o para abertura de licita\u00e7\u00e3o da sede pr\u00f3pria do Centro de Refer\u00eancia da Assist\u00eancia Social (CRAS) do distrito. A obra est\u00e1 or\u00e7ada em cerca de R$ 450 mil, com metragem de 165 metros quadrados.<\/span><\/p>\n<p>Em recente audi\u00eancia mantida em Bras\u00edlia, com a ministra Tereza Campelo, o prefeito Beto Preto conseguiu confirmar a liberar destes recursos, j\u00e1 que havia risco de corte pelo contingenciamento, dentro do ajuste fiscal do Governo Federal. &ldquo;Agora liberamos o processo de concorr\u00eancia p\u00fablica e temos prazo legal at\u00e9 junho para dar in\u00edcio a obra&rdquo;, explicou o prefeito.<\/p>\n<p>A verba \u00e9 proveniente do Programa de Estrutura\u00e7\u00e3o da Rede de Servi\u00e7os de Prote\u00e7\u00e3o Social B\u00e1sica &ndash; Constru\u00e7\u00e3o CRAS, executado pelo Minist\u00e9rio do Desenvolvimento Social e Combate a Fome (MDS) que contemplou apenas 20 munic\u00edpios em todo pa\u00eds. &ldquo;Iniciamos 2013 com os atendimentos dos quatro CRAS da cidade sendo realizados em im\u00f3veis alugados. Agora j\u00e1 temos sede pr\u00f3pria garantida para cada um dos nossos CRAS, todos com recursos do governo federal&rdquo;, comemora a secret\u00e1ria da Assist\u00eancia Social, M\u00e1rcia Regina de Sousa.<\/p>\n<p>No Centro de Refer\u00eancia da Assist\u00eancia Social (CRAS) s\u00e3o feitos os principais atendimentos e atividades da \u00e1rea, como os do Bolsa Fam\u00edlia, cesta b\u00e1sica, tarifas sociais da \u00e1gua e luz, oficinas de artesanato, habita\u00e7\u00e3o e encaminhamentos ao INSS, cursos profissionalizantes, sa\u00fade, educa\u00e7\u00e3o e conselho tutelar. &ldquo;Estamos trabalhando para garantir uma estrutura melhor, que atenda aos requisitos de acessibilidade, com rampas de acesso, portas mais amplas e banheiros adaptados&rdquo;, enumera.<\/p>\n<p>&ldquo;O espa\u00e7o oferece as condi\u00e7\u00f5es necess\u00e1rias para o trabalho de prote\u00e7\u00e3o social b\u00e1sica, com o objetivo de promover a emancipa\u00e7\u00e3o das pessoas e facilitando o acesso aos seus direitos&rdquo;, avalia a secret\u00e1ria M\u00e1rcia Regina de Souza.<\/p>\n<p><\/p>\n","protected":false},"excerpt":{"rendered":"<p>Constru&ccedil;&atilde;o est&aacute; or&ccedil;ada em cerca de R$ 450 mil, com metragem de 165 metros quadrados<\/p>\n","protected":false},"author":4,"featured_media":0,"comment_status":"closed","ping_status":"closed","sticky":false,"template":"","format":"standard","meta":{"footnotes":""},"categories":[24],"tags":[],"class_list":["post-2753","post","type-post","status-publish","format-standard","hentry","category-noticias"],"acf":[],"_links":{"self":[{"href":"http:\/\/www.apucarana.pr.gov.br\/site\/wp-json\/wp\/v2\/posts\/2753","targetHints":{"allow":["GET"]}}],"collection":[{"href":"http:\/\/www.apucarana.pr.gov.br\/site\/wp-json\/wp\/v2\/posts"}],"about":[{"href":"http:\/\/www.apucarana.pr.gov.br\/site\/wp-json\/wp\/v2\/types\/post"}],"author":[{"embeddable":true,"href":"http:\/\/www.apucarana.pr.gov.br\/site\/wp-json\/wp\/v2\/users\/4"}],"replies":[{"embeddable":true,"href":"http:\/\/www.apucarana.pr.gov.br\/site\/wp-json\/wp\/v2\/comments?post=2753"}],"version-history":[{"count":1,"href":"http:\/\/www.apucarana.pr.gov.br\/site\/wp-json\/wp\/v2\/posts\/2753\/revisions"}],"predecessor-version":[{"id":104126,"href":"http:\/\/www.apucarana.pr.gov.br\/site\/wp-json\/wp\/v2\/posts\/2753\/revisions\/104126"}],"wp:attachment":[{"href":"http:\/\/www.apucarana.pr.gov.br\/site\/wp-json\/wp\/v2\/media?parent=2753"}],"wp:term":[{"taxonomy":"category","embeddable":true,"href":"http:\/\/www.apucarana.pr.gov.br\/site\/wp-json\/wp\/v2\/categories?post=2753"},{"taxonomy":"post_tag","embeddable":true,"href":"http:\/\/www.apucarana.pr.gov.br\/site\/wp-json\/wp\/v2\/tags?post=2753"}],"curies":[{"name":"wp","href":"https:\/\/api.w.org\/{rel}","templated":true}]}}