{"id":2752,"date":"2015-04-16T17:33:59","date_gmt":"2015-04-16T17:33:59","guid":{"rendered":"http:\/\/172.16.0.7\/site-antigo\/?p=2752"},"modified":"2024-10-08T09:10:12","modified_gmt":"2024-10-08T12:10:12","slug":"organizacao-apresenta-staff-e-premiacoes-do-femudap","status":"publish","type":"post","link":"http:\/\/www.apucarana.pr.gov.br\/site\/organizacao-apresenta-staff-e-premiacoes-do-femudap\/","title":{"rendered":"Organiza\u00e7\u00e3o apresenta staff e premia\u00e7\u00f5es do Femudap"},"content":{"rendered":"<p><p><span style=\"letter-spacing: -0.02em; line-height: 1.45em; background-color: initial;\">Apucarana j\u00e1 vive o clima do 1\u00ba Festival de M\u00fasica Mensagem, que acontece de 24 a 26 de abril, no Cine Teatro F\u00eanix. As 15 m\u00fasicas que passaram pela seletiva e que ser\u00e3o apresentadas ao grande p\u00fablico foram divulgadas pela comiss\u00e3o julgadora no in\u00edcio da semana e, nesta quinta-feira (16\/04), o setor Juventude da Diocese de Apucarana e a Secretaria Municipal da Promo\u00e7\u00e3o Art\u00edstica, Cultural e Tur\u00edstica (Promatur), parceira do evento, apresentaram oficialmente a equipe de trabalho, bem como os trof\u00e9us, medalhas e instrumentos musicais que ser\u00e3o oferecidos como premia\u00e7\u00e3o.<br \/><\/span><span style=\"letter-spacing: -0.02em; line-height: 1.45em; background-color: initial;\"><br \/>O staff ser\u00e1 formado por 25 pessoas. &ldquo;Definimos este momento tamb\u00e9m como oportunidade para refor\u00e7armos o convite para que Apucarana e regi\u00e3o prestigiem o festival, que objetiva incentivar a criatividade musical, promover interc&acirc;mbio cultural, al\u00e9m de descobrir e valorizar novos talentos, com a difus\u00e3o da cultura e do trabalho de m\u00fasicos e grupos iniciantes&rdquo;, frisa professora Maria Agar Borba Ferreira, secret\u00e1ria da Promatur.<br \/><\/span><span style=\"letter-spacing: -0.02em; line-height: 1.45em; background-color: initial;\"><br \/>O evento cultural, que tem como tema &ldquo;Juventude, f\u00e9 e sociedade&rdquo; e lema &ldquo;O desafio de ser jovem&rdquo; &#8211; ter\u00e1 concorrentes de seis munic\u00edpios paranaenses e um de Santa Catarina. As can\u00e7\u00f5es s\u00e3o m\u00fasicas in\u00e9ditas. &ldquo;As 15 composi\u00e7\u00f5es selecionadas para o festival sa\u00edram de um universo de 41 inscritas&rdquo;, informa M\u00e1rio Felipe, supervisor-geral do Femudap.<br \/><\/span><span style=\"letter-spacing: -0.02em; line-height: 1.45em; background-color: initial;\"><br \/>Foram classificadas quatro inscri\u00e7\u00f5es de Apucarana, quatro de Sab\u00e1udia, duas de Maril&acirc;ndia do Sul, uma de Curitiba, uma de S\u00e3o Jos\u00e9 dos Pinhais, uma de Corn\u00e9lio Proc\u00f3pio e uma de Jaragu\u00e1 do Sul, cidade localizada no estado de Santa Catarina.<br \/><\/span><span style=\"letter-spacing: -0.02em; line-height: 1.45em; background-color: initial;\"><br \/><b>Como ser\u00e1<\/b><\/span><span style=\"letter-spacing: -0.02em; line-height: 1.45em; background-color: initial;\"> &#8211; Sete concorrentes se apresentar\u00e3o no dia 24 (sexta-feira) e oito no dia 25 (s\u00e1bado). A grande final ser\u00e1 disputada no dia 26, pr\u00f3ximo domingo, com as 10 m\u00fasicas que ser\u00e3o classificadas pela comiss\u00e3o julgadora nas duas primeiras noites.<br \/><\/span><span style=\"letter-spacing: -0.02em; line-height: 1.45em; background-color: initial;\"><br \/>O festival come\u00e7ar\u00e1 sempre \u00e0s 20 horas, com exce\u00e7\u00e3o da abertura, no dia 24, quando as atividades iniciam \u00e0s 19h30 com a presen\u00e7a do prefeito de Apucarana, Beto Preto, e show com a Banda Kara do C\u00e9u, de Astorga.<br \/><\/span><span style=\"letter-spacing: -0.02em; line-height: 1.45em; background-color: initial;\"><br \/>O 1\u00ba Festival de M\u00fasica Mensagem de Apucarana vai premiar as cinco melhores m\u00fasicas classificadas na final\u00edssima com trof\u00e9us, valores em dinheiro e viol\u00f5es: 1\u00ba Lugar &ndash; Trof\u00e9u + R$ 1.500,00; 2\u00ba Lugar &ndash; Trof\u00e9u + R$ 1.000,00; 3\u00ba Lugar &ndash; Trof\u00e9u + R$ 500,00; 4\u00ba Lugar &ndash; Trof\u00e9u + viol\u00e3o; 5\u00ba Lugar &ndash; Trof\u00e9u + viol\u00e3o; Melhor int\u00e9rprete- Trof\u00e9u; Melhor conjunto- Trof\u00e9u; Melhor letra &#8211; Trof\u00e9u.<br \/><\/span><span style=\"letter-spacing: -0.02em; line-height: 1.45em; background-color: initial;\"><br \/><b>Entradas<\/b><\/span><span style=\"letter-spacing: -0.02em; line-height: 1.45em; background-color: initial;\"> &#8211; Os ingressos poder\u00e3o ser retirados a partir desta segunda-feira (20\/05), no Cine Teatro F\u00eanix, mediante o fornecimento de um litro de leite longa vida, que posteriormente ser\u00e1 encaminhado para entidades sociais. A Promatur lembra que cada ingresso \u00e9 valido apenas para uma noite. Mais informa\u00e7\u00f5es 3423-2944.<\/span><\/p>\n<p><b><u>Rela\u00e7\u00e3o de m\u00fasicas classificadas para o festival<br \/><\/u><\/b><b style=\"letter-spacing: -0.02em; background-color: initial;\"><u><br \/><\/u><span style=\"line-height: 1.45em;\">01<br \/><\/span><\/b><span style=\"letter-spacing: -0.02em; line-height: 1.45em; background-color: initial;\">M\u00fasica- Alquimia<br \/><\/span><span style=\"letter-spacing: -0.02em; line-height: 1.45em; background-color: initial;\">Cidade &ndash; Curitiba<b><br \/><\/b><\/span><span style=\"letter-spacing: -0.02em; line-height: 1.45em; background-color: initial;\">Autor &#8211; Igor Alexandre Cortez de Menezes e Paulo Roberto Pacheco<b><br \/><\/b><\/span><span style=\"letter-spacing: -0.02em; line-height: 1.45em; background-color: initial;\">Int\u00e9rprete &#8211; Igor Menezes e banda<b><br \/><\/b><\/span><span style=\"letter-spacing: -0.02em; line-height: 1.45em; background-color: initial;\"><b><br \/><\/b>02<b><br \/><\/b><\/span><span style=\"letter-spacing: -0.02em; line-height: 1.45em; background-color: initial;\">M\u00fasica &ndash; Felicidade<b><br \/><\/b><\/span><span style=\"letter-spacing: -0.02em; line-height: 1.45em; background-color: initial;\">Cidade &ndash; Apucarana<b><br \/><\/b><\/span><span style=\"letter-spacing: -0.02em; line-height: 1.45em; background-color: initial;\">Autor &#8211; Caio C\u00e9sar de Siqueira Silva<b><br \/><\/b><\/span><span style=\"letter-spacing: -0.02em; line-height: 1.45em; background-color: initial;\">Int\u00e9rprete &#8211; Caio C\u00e9sar e Lourdes Concei\u00e7\u00e3o<b><br \/><\/b><\/span><span style=\"letter-spacing: -0.02em; line-height: 1.45em; background-color: initial;\"><b><br \/><\/b>03<b><br \/><\/b><\/span><span style=\"letter-spacing: -0.02em; line-height: 1.45em; background-color: initial;\">M\u00fasica &#8211; Fonte em n\u00f3s<b><br \/><\/b><\/span><span style=\"letter-spacing: -0.02em; line-height: 1.45em; background-color: initial;\">Cidade &ndash; Sab\u00e1udia<b><br \/><\/b><\/span><span style=\"letter-spacing: -0.02em; line-height: 1.45em; background-color: initial;\">Autor &#8211; Deosvaldo Chaves<b><br \/><\/b><\/span><span style=\"letter-spacing: -0.02em; line-height: 1.45em; background-color: initial;\">Int\u00e9rprete &ndash; Deosvaldo Chaves<b><br \/><\/b><\/span><span style=\"letter-spacing: -0.02em; line-height: 1.45em; background-color: initial;\"><b><br \/><\/b>04<b><br \/><\/b><\/span><span style=\"letter-spacing: -0.02em; line-height: 1.45em; background-color: initial;\">M\u00fasica &ndash; Jovem<b><br \/><\/b><\/span><span style=\"letter-spacing: -0.02em; line-height: 1.45em; background-color: initial;\">Cidade &ndash; Apucarana<b><br \/><\/b><\/span><span style=\"letter-spacing: -0.02em; line-height: 1.45em; background-color: initial;\">Autor &#8211; C\u00e1ssia Lopes<b><br \/><\/b><\/span><span style=\"letter-spacing: -0.02em; line-height: 1.45em; background-color: initial;\">Int\u00e9rprete &#8211; C\u00e1ssia Lopes e banda<b><br \/><\/b><\/span><span style=\"letter-spacing: -0.02em; line-height: 1.45em; background-color: initial;\"><br \/>05<b><br \/><\/b><\/span><span style=\"letter-spacing: -0.02em; line-height: 1.45em; background-color: initial;\">M\u00fasica &#8211; Jovem pequenino<b><br \/><\/b><\/span><span style=\"letter-spacing: -0.02em; line-height: 1.45em; background-color: initial;\">Cidade &#8211; Jaragu\u00e1 do Sul (SC)<b><br \/><\/b><\/span><span style=\"letter-spacing: -0.02em; line-height: 1.45em; background-color: initial;\">Autor &#8211; Miguel Moreira Leal<b><br \/><\/b><\/span><span style=\"letter-spacing: -0.02em; line-height: 1.45em; background-color: initial;\">Int\u00e9rprete &#8211; L\u00e1zaro dos Santos<b><br \/><\/b><\/span><span style=\"letter-spacing: -0.02em; line-height: 1.45em; background-color: initial;\"><b><br \/><\/b>06<b><br \/><\/b><\/span><span style=\"letter-spacing: -0.02em; line-height: 1.45em; background-color: initial;\">M\u00fasica &#8211; Mais que vencedor<b><br \/><\/b><\/span><span style=\"letter-spacing: -0.02em; line-height: 1.45em; background-color: initial;\">Cidade &ndash; Apucarana<b><br \/><\/b><\/span><span style=\"letter-spacing: -0.02em; line-height: 1.45em; background-color: initial;\">Autor &#8211; Marcos Vin\u00edccios Dolce Ibanez<br \/><\/span><span style=\"letter-spacing: -0.02em; line-height: 1.45em; background-color: initial;\">Int\u00e9rprete &#8211; Kelli Patr\u00edcia e banda Grupo Harmonia<b><br \/><\/b><\/span><span style=\"letter-spacing: -0.02em; line-height: 1.45em; background-color: initial;\"><b><br \/><\/b>07<br \/><\/span><span style=\"letter-spacing: -0.02em; line-height: 1.45em; background-color: initial;\"\n>M\u00fasica &#8211; Teu altar<b><br \/><\/b><\/span><span style=\"letter-spacing: -0.02em; line-height: 1.45em; background-color: initial;\">Cidade &ndash; Sab\u00e1udia<b><br \/><\/b><\/span><span style=\"letter-spacing: -0.02em; line-height: 1.45em; background-color: initial;\">Autor &#8211; Ronaldo Lucas Turci &ndash; Letra: Joana Aparecida de Miranda<b><br \/><\/b><\/span><span style=\"letter-spacing: -0.02em; line-height: 1.45em; background-color: initial;\">Int\u00e9rprete &#8211; Adriana Gomes Vascove e Banda Shekinah<b><br \/><\/b><\/span><span style=\"letter-spacing: -0.02em; line-height: 1.45em; background-color: initial;\"><b><br \/><\/b>08<b><br \/><\/b><\/span><span style=\"letter-spacing: -0.02em; line-height: 1.45em; background-color: initial;\">M\u00fasica &#8211; Murmurar do riacho<br \/><\/span><span style=\"letter-spacing: -0.02em; line-height: 1.45em; background-color: initial;\">Cidade &ndash; Curitiba<b><br \/><\/b><\/span><span style=\"letter-spacing: -0.02em; line-height: 1.45em; background-color: initial;\">Autor &#8211; Jo\u00e3o Peceguini<b><br \/><\/b><\/span><span style=\"letter-spacing: -0.02em; line-height: 1.45em; background-color: initial;\">Int\u00e9rprete &#8211; Tiet\u00ea e Apucarana<b><br \/><\/b><\/span><span style=\"letter-spacing: -0.02em; line-height: 1.45em; background-color: initial;\"><b><br \/><\/b>09<b><br \/><\/b><\/span><span style=\"letter-spacing: -0.02em; line-height: 1.45em; background-color: initial;\">M\u00fasica &#8211; Onde est\u00e1<b><br \/><\/b><\/span><span style=\"letter-spacing: -0.02em; line-height: 1.45em; background-color: initial;\">Cidade &#8211; Maril&acirc;ndia do Sul<b><br \/><\/b><\/span><span style=\"letter-spacing: -0.02em; line-height: 1.45em; background-color: initial;\">Autor &#8211; Danilo Takeshi Segae<b><br \/><\/b><\/span><span style=\"letter-spacing: -0.02em; line-height: 1.45em; background-color: initial;\">Int\u00e9rprete &#8211; Danilo Takeshi Segai e banda<br \/><\/span><span style=\"letter-spacing: -0.02em; line-height: 1.45em; background-color: initial;\"><br \/>10<b><br \/><\/b><\/span><span style=\"letter-spacing: -0.02em; line-height: 1.45em; background-color: initial;\">M\u00fasica &#8211; Pequenas preces<br \/><\/span><span style=\"letter-spacing: -0.02em; line-height: 1.45em; background-color: initial;\">Cidade &ndash; Sab\u00e1udia<b><br \/><\/b><\/span><span style=\"letter-spacing: -0.02em; line-height: 1.45em; background-color: initial;\">Autor &#8211; Elan Francisco da Silva<b><br \/><\/b><\/span><span style=\"letter-spacing: -0.02em; line-height: 1.45em; background-color: initial;\">Int\u00e9rprete &#8211; Elan Francisco da Silva e banda<br \/><\/span><span style=\"letter-spacing: -0.02em; line-height: 1.45em; background-color: initial;\"><br \/>11<b><br \/><\/b><\/span><span style=\"letter-spacing: -0.02em; line-height: 1.45em; background-color: initial;\">M\u00fasica &ndash; Reencontro<b><br \/><\/b><\/span><span style=\"letter-spacing: -0.02em; line-height: 1.45em; background-color: initial;\">Cidade &ndash; Sab\u00e1udia<b><br \/><\/b><\/span><span style=\"letter-spacing: -0.02em; line-height: 1.45em; background-color: initial;\">Autor &#8211; Ronaldo Lucas Turci &#8211; Letra: Joana Aparecida de Miranda<b><br \/><\/b><\/span><span style=\"letter-spacing: -0.02em; line-height: 1.45em; background-color: initial;\">Int\u00e9rprete &#8211; Adriana Gomes Vascove e Banda Shekinah<b><br \/><\/b><\/span><span style=\"letter-spacing: -0.02em; line-height: 1.45em; background-color: initial;\"><b><br \/><\/b>12<b><br \/><\/b><\/span><span style=\"letter-spacing: -0.02em; line-height: 1.45em; background-color: initial;\">M\u00fasica &#8211; Chegou a vez<b><br \/><\/b><\/span><span style=\"letter-spacing: -0.02em; line-height: 1.45em; background-color: initial;\">Cidade &ndash; Apucarana<b><br \/><\/b><\/span><span style=\"letter-spacing: -0.02em; line-height: 1.45em; background-color: initial;\">Autor &#8211; Rodrigo Cez\u00e1rio<b><br \/><\/b><\/span><span style=\"letter-spacing: -0.02em; line-height: 1.45em; background-color: initial;\">Int\u00e9rprete &#8211; Rodrigo Cez\u00e1rio<br \/><\/span><span style=\"letter-spacing: -0.02em; line-height: 1.45em; background-color: initial;\"><br \/>13<b><br \/><\/b><\/span><span style=\"letter-spacing: -0.02em; line-height: 1.45em; background-color: initial;\">M\u00fasica &#8211; Eu quero teu olhar<b><br \/><\/b><\/span><span style=\"letter-spacing: -0.02em; line-height: 1.45em; background-color: initial;\">Cidade &#8211; Maril&acirc;ndia do Sul<b><br \/><\/b><\/span><span style=\"letter-spacing: -0.02em; line-height: 1.45em; background-color: initial;\">Autor &#8211; Danilo Takeshi Segae<b><br \/><\/b><\/span><span style=\"letter-spacing: -0.02em; line-height: 1.45em; background-color: initial;\">Int\u00e9rprete &#8211; Danilo Takeshi Segae e banda<b><br \/><\/b><\/span><span style=\"letter-spacing: -0.02em; line-height: 1.45em; background-color: initial;\"><b><br \/><\/b>14<b><br \/><\/b><\/span><span style=\"letter-spacing: -0.02em; line-height: 1.45em; background-color: initial;\">M\u00fasica &#8211; Verde roupagem<b><br \/><\/b><\/span><span style=\"letter-spacing: -0.02em; line-height: 1.45em; background-color: initial;\">Cidade &#8211; S\u00e3o Jos\u00e9 dos Pinhais<b><br \/><\/b><\/span><span style=\"letter-spacing: -0.02em; line-height: 1.45em; background-color: initial;\">Autor &#8211; Jo\u00e3o C\u00e9sar Peceguini<b><br \/><\/b><\/span><span style=\"letter-spacing: -0.02em; line-height: 1.45em; background-color: initial;\">Int\u00e9rprete &#8211; Jo\u00e3o Peceguini e Lu\u00edgi Galvan Peceguini<b><br \/><\/b><\/span><span style=\"letter-spacing: -0.02em; line-height: 1.45em; background-color: initial;\"><b><br \/><\/b>15<b><br \/><\/b><\/span><span style=\"letter-spacing: -0.02em; line-height: 1.45em; background-color: initial;\">M\u00fasica &#8211; Em nome da paz<b><br \/><\/b><\/span><span style=\"letter-spacing: -0.02em; line-height: 1.45em; background-color: initial;\">Cidade &#8211; Corn\u00e9lio Proc\u00f3pio<b><br \/><\/b><\/span><span style=\"letter-spacing: -0.02em; line-height: 1.45em; background-color: initial;\">Autor &ndash; Jos\u00e9 Paulo Liaschi Mar\u00e7al<b><br \/><\/b><\/span><span style=\"letter-spacing: -0.02em; line-height: 1.45em; background-color: initial;\">Int\u00e9rprete &#8211; Banda Segunda Lei, com participa\u00e7\u00e3o de Sapo e Neto<\/span><\/p><\/p>\n","protected":false},"excerpt":{"rendered":"<p>O evento cultural, que tem como tema &ldquo;Juventude, f&eacute; e sociedade&rdquo; e lema &ldquo;O desafio de ser jovem&rdquo; &#8211; ter&aacute; concorrentes de seis munic&iacute;pios paranaenses e um de Santa Catarina<\/p>\n","protected":false},"author":4,"featured_media":0,"comment_status":"closed","ping_status":"closed","sticky":false,"template":"","format":"standard","meta":{"footnotes":""},"categories":[24],"tags":[],"class_list":["post-2752","post","type-post","status-publish","format-standard","hentry","category-noticias"],"acf":[],"_links":{"self":[{"href":"http:\/\/www.apucarana.pr.gov.br\/site\/wp-json\/wp\/v2\/posts\/2752","targetHints":{"allow":["GET"]}}],"collection":[{"href":"http:\/\/www.apucarana.pr.gov.br\/site\/wp-json\/wp\/v2\/posts"}],"about":[{"href":"http:\/\/www.apucarana.pr.gov.br\/site\/wp-json\/wp\/v2\/types\/post"}],"author":[{"embeddable":true,"href":"http:\/\/www.apucarana.pr.gov.br\/site\/wp-json\/wp\/v2\/users\/4"}],"replies":[{"embeddable":true,"href":"http:\/\/www.apucarana.pr.gov.br\/site\/wp-json\/wp\/v2\/comments?post=2752"}],"version-history":[{"count":1,"href":"http:\/\/www.apucarana.pr.gov.br\/site\/wp-json\/wp\/v2\/posts\/2752\/revisions"}],"predecessor-version":[{"id":104127,"href":"http:\/\/www.apucarana.pr.gov.br\/site\/wp-json\/wp\/v2\/posts\/2752\/revisions\/104127"}],"wp:attachment":[{"href":"http:\/\/www.apucarana.pr.gov.br\/site\/wp-json\/wp\/v2\/media?parent=2752"}],"wp:term":[{"taxonomy":"category","embeddable":true,"href":"http:\/\/www.apucarana.pr.gov.br\/site\/wp-json\/wp\/v2\/categories?post=2752"},{"taxonomy":"post_tag","embeddable":true,"href":"http:\/\/www.apucarana.pr.gov.br\/site\/wp-json\/wp\/v2\/tags?post=2752"}],"curies":[{"name":"wp","href":"https:\/\/api.w.org\/{rel}","templated":true}]}}