{"id":2751,"date":"2015-04-16T17:08:59","date_gmt":"2015-04-16T17:08:59","guid":{"rendered":"http:\/\/172.16.0.7\/site-antigo\/?p=2751"},"modified":"2024-10-08T09:10:12","modified_gmt":"2024-10-08T12:10:12","slug":"cursos-contratados-pela-prefeitura-formam-120-alunos","status":"publish","type":"post","link":"http:\/\/www.apucarana.pr.gov.br\/site\/cursos-contratados-pela-prefeitura-formam-120-alunos\/","title":{"rendered":"Cursos contratados pela prefeitura formam 120 alunos"},"content":{"rendered":"<p><p><span style=\"letter-spacing: -0.02em; line-height: 1.45em; background-color: initial;\">Em evento realizado ontem \u00e0 noite no sal\u00e3o nobre da prefeitura, 120 alunos receberam o certificado de conclus\u00e3o de cursos de Confec\u00e7\u00e3o de Ovos de P\u00e1scoa, Salgados para Confeitaria e Automaquiagem. A qualifica\u00e7\u00e3o profissionalizante, oferecida gratuitamente pela administra\u00e7\u00e3o municipal em parceria com o SENAC, foi levada \u00e0 popula\u00e7\u00e3o atrav\u00e9s das entidades como o Centro Pop, Centro da Juventude, APAE, Comander, Cepes, Funda\u00e7\u00e3o CASA, Edhucca, Lar S\u00e3o Vicente de Paulo, CREAS e CRAS 1,2,3 e 4.<\/span><\/p>\n<p>Cada entidade formou turma de determinado curso e o profissional do SENAC foi at\u00e9 o local para ministrar as aulas. &ldquo;A formatura de hoje \u00e9 a resultado pr\u00e1tico do pacote de 54 cursos contratados no final do ano passado pela prefeitura e disponibilizados a entidades, num investimento de quase R$ 234 mil&rdquo;, informou a secret\u00e1ria da Assist\u00eancia Social, M\u00e1rcia Regina de Sousa. <\/p>\n<p>Os cursos v\u00e3o continuar a ser distribu\u00eddos entre as entidades ao longo do ano pela Secretaria da Assist\u00eancia Social, totalizando mais de mil vagas. Maiores informa\u00e7\u00f5es podem ser obtidas no Centro de Qualifica\u00e7\u00e3o Total, no Jardim Am\u00e9rica. Al\u00e9m de Salgados para Confeitaria e Automaquiagem, h\u00e1 mais op\u00e7\u00f5es de cursos como confec\u00e7\u00e3o de bijouterias, tortas doces e salgadas, entre outros. <\/p>\n<p>Ao receber o certificado do curso de Confec\u00e7\u00e3o de Ovos de P\u00e1scoa, C\u00e9lia Correia disse que pretende usar o aprendizado para melhorar a renda da fam\u00edlia. &ldquo;J\u00e1 confeccionamos e vendemos artesanato. Agora temos mais essa op\u00e7\u00e3o. Nesta P\u00e1scoa os ovos da fam\u00edlia foram feitos todos em casa. Pude presentear toda a crian\u00e7ada, at\u00e9 dos vizinhos&rdquo;, comentou.<\/p>\n<p>O gerente do SENAC em Apucarana, Aguinaldo Alves Nascimento, enfatizou a vis\u00e3o empreendedora do prefeito Beto Preto ao trazer capacita\u00e7\u00e3o profissionalizante para os trabalhadores apucaranenses. &ldquo;Essa parceria da prefeitura com o SENAC, quanto institui\u00e7\u00e3o formadora, j\u00e1 est\u00e1 rendendo frutos, atendendo a faixa da popula\u00e7\u00e3o encontra neste curso um meio de gera\u00e7\u00e3o de renda&rdquo;, afirmou.<\/p>\n<p>O prefeito Beto Preto, destacou a parceria de sucesso do munic\u00edpio com institui\u00e7\u00f5es de ensino profissionalizante como o SENAC. &ldquo;Estamos investindo na qualifica\u00e7\u00e3o da nossa popula\u00e7\u00e3o e somente nesta parceria com o SENAC s\u00e3o mais mil vagas. Vamos continuar com essa pol\u00edtica de comprar cursos oferecendo oportunidades profissionalizantes as pessoas na nossa cidade. Essa formatura \u00e9 mais um momento de emo\u00e7\u00e3o no nosso mandato e queremos repetir atos de entrega de certificados o quando for poss\u00edvel&rdquo;, declarou Beto Preto.<\/p>\n<p><\/p>\n","protected":false},"excerpt":{"rendered":"<p>Administra&ccedil;&atilde;o municipal vai oferecer mil vagas para cursos profissionalizantes at&eacute; o final do ano<\/p>\n","protected":false},"author":4,"featured_media":0,"comment_status":"closed","ping_status":"closed","sticky":false,"template":"","format":"standard","meta":{"footnotes":""},"categories":[24],"tags":[],"class_list":["post-2751","post","type-post","status-publish","format-standard","hentry","category-noticias"],"acf":[],"_links":{"self":[{"href":"http:\/\/www.apucarana.pr.gov.br\/site\/wp-json\/wp\/v2\/posts\/2751","targetHints":{"allow":["GET"]}}],"collection":[{"href":"http:\/\/www.apucarana.pr.gov.br\/site\/wp-json\/wp\/v2\/posts"}],"about":[{"href":"http:\/\/www.apucarana.pr.gov.br\/site\/wp-json\/wp\/v2\/types\/post"}],"author":[{"embeddable":true,"href":"http:\/\/www.apucarana.pr.gov.br\/site\/wp-json\/wp\/v2\/users\/4"}],"replies":[{"embeddable":true,"href":"http:\/\/www.apucarana.pr.gov.br\/site\/wp-json\/wp\/v2\/comments?post=2751"}],"version-history":[{"count":1,"href":"http:\/\/www.apucarana.pr.gov.br\/site\/wp-json\/wp\/v2\/posts\/2751\/revisions"}],"predecessor-version":[{"id":104128,"href":"http:\/\/www.apucarana.pr.gov.br\/site\/wp-json\/wp\/v2\/posts\/2751\/revisions\/104128"}],"wp:attachment":[{"href":"http:\/\/www.apucarana.pr.gov.br\/site\/wp-json\/wp\/v2\/media?parent=2751"}],"wp:term":[{"taxonomy":"category","embeddable":true,"href":"http:\/\/www.apucarana.pr.gov.br\/site\/wp-json\/wp\/v2\/categories?post=2751"},{"taxonomy":"post_tag","embeddable":true,"href":"http:\/\/www.apucarana.pr.gov.br\/site\/wp-json\/wp\/v2\/tags?post=2751"}],"curies":[{"name":"wp","href":"https:\/\/api.w.org\/{rel}","templated":true}]}}