{"id":2750,"date":"2015-04-16T11:35:59","date_gmt":"2015-04-16T11:35:59","guid":{"rendered":"http:\/\/172.16.0.7\/site-antigo\/?p=2750"},"modified":"2024-10-08T09:10:12","modified_gmt":"2024-10-08T12:10:12","slug":"manha-de-campo-leva-tecnicas-de-cultivo-a-fruticultores","status":"publish","type":"post","link":"http:\/\/www.apucarana.pr.gov.br\/site\/manha-de-campo-leva-tecnicas-de-cultivo-a-fruticultores\/","title":{"rendered":"Manh\u00e3 de campo leva t\u00e9cnicas de cultivo a fruticultores"},"content":{"rendered":"<\/p>\n<p>Ap\u00f3s o plantio das mudas, os agricultores que aderiram ao projeto de fruticultura, atrav\u00e9s do Programa Terra Forte, est\u00e3o tendo a oportunidade de participar de uma manh\u00e3 de campo. A agenda come\u00e7ou nesta quinta-feira (16\/04), na Vila Rural Manoel Piassa Sobrinho, na Vila Reis, quando foram repassadas orienta\u00e7\u00f5es para produtores de goiaba. A manh\u00e3 de campo ocorreu na propriedade de Jos\u00e9 Louren\u00e7o, que plantou 105 goiabeiras, e as orienta\u00e7\u00f5es envolveram poda e condu\u00e7\u00e3o das plantas, al\u00e9m do controle de pragas e da aduba\u00e7\u00e3o.<\/p>\n<p>A manh\u00e3 de campo \u00e9 uma iniciativa da Secretaria Municipal de Agricultura, respons\u00e1vel pelo desenvolvimento do &ldquo;Terra Forte&rdquo;. O secret\u00e1rio da pasta, Jo\u00e3o Carmo Fonseca, que esteve no local acompanhado de t\u00e9cnicos municipais, destaca que mais eventos do g\u00eanero ser\u00e3o realizados nos pr\u00f3ximos dias. &ldquo;A agenda ter\u00e1 continuidade nesta sexta-feira, com uma manh\u00e3 de campo dedicada aos produtores de maracuj\u00e1. No dia 22, logo ap\u00f3s o feriado, ser\u00e1 a vez dos produtores de figo e, no dia 23, a manh\u00e3 de campo ser\u00e1 direcionada aos produtores de uva&rdquo;, informa. <\/p>\n<p>Conforme Fonseca, dentre os produtores que se inscreveram no programa de fruticultura, 12 optaram pelo cultivo da goiaba. &ldquo;As mudas foram plantadas em setembro do ano passado e agora se aproxima a \u00e9poca da poda. Ao todo, s\u00e3o seis hectares de \u00e1rea cultivada no munic\u00edpio que, no auge da produ\u00e7\u00e3o, resultar\u00e3o em 240 toneladas s\u00f3 de goiaba&rdquo;, projeta o secret\u00e1rio.<\/p>\n<p>De acordo com o t\u00e9cnico agr\u00edcola Ant&ocirc;nio Roberto Nogueira, diretor municipal de Agricultura, a \u00e9poca indicada para a poda das goiabeiras \u00e9 no final do inverno. &ldquo;Na sequ\u00eancia, j\u00e1 haver\u00e1 a produ\u00e7\u00e3o de alguns frutos, que dever\u00e3o ser retirados se a planta ainda estiver muito pequena&rdquo;, orienta, lembrando que depois disso, no segundo ano do plantio, dever\u00e1 ocorrer a primeira boa produ\u00e7\u00e3o. <\/p>\n<p>Durante a manh\u00e3 de campo, os produtores tamb\u00e9m s\u00e3o orientados quanto ao manejo integrado de pragas e doen\u00e7as. &ldquo;No caso da goiaba, as principais preocupa\u00e7\u00f5es s\u00e3o a mosca da fruta, percevejo, gorgulho, ferrugem e psil\u00eddeo&rdquo;, cita, afirmando ainda que os tratos culturais repassados buscam evitar, ao m\u00e1ximo, a aplica\u00e7\u00e3o de produtos agrot\u00f3xicos.<\/p>\n<p>Jos\u00e9 Louren\u00e7o possui um lote 5 mil metros quadrados na vila rural, uma \u00e1rea bastante diversificada onde possui porcos e planta milho, girassol, amendoim, al\u00e9m de um pomar, de uma pequena horta e de diversos enxames de abelha jata\u00ed que ajudam na poliniza\u00e7\u00e3o das plantas. &ldquo;Busco diversificar. &Eacute; sempre uma coisinha a mais que entra e que faz a diferen\u00e7a&rdquo;, observa.<\/p>\n<p>O produtor recebeu as 105 mudas de goiaba atrav\u00e9s do Programa Terra Forte, al\u00e9m dos insumos para melhorar a fertilidade do solo. &ldquo;Se n\u00e3o fosse essa iniciativa da Prefeitura, seria dif\u00edcil conseguir o calc\u00e1rio e o fosfato em pequena quantidade. Isso sem contar toda a assist\u00eancia que eles d\u00e3o, visitando a gente na propriedade e reunindo os produtores como nesta manh\u00e3 de campo&rdquo;, destaca Jos\u00e9 Louren\u00e7o.<\/p>\n<p><b><u>AGENDA<\/u><\/b><\/p>\n<p>&#8211; MANH&Atilde; DE CAMPO (<b>maracuj\u00e1)<\/b><\/p>\n<p>Dia: 17\/04 (sexta-feira)<\/p>\n<p>Hor\u00e1rio: 8h30<\/p>\n<p>Produtora: Maria Ratti Morais<\/p>\n<p>Local: S\u00edtio S\u00e3o Miguel (Estrada do Rio Bom)<\/p>\n<p>&#8211; MANH&Atilde; DE CAMPO (<b>figo)<\/b><\/p>\n<p>Dia: 22\/04 (quarta-feira)<\/p>\n<p>Hor\u00e1rio: 8h30<\/p>\n<p>Produtora: Giliarde Bertasso<\/p>\n<p>Local: S\u00edtio Nossa Senhora das Gra\u00e7as (Comunidade do Rio do Cerne)<\/p>\n<p>&#8211; MANH&Atilde; DE CAMPO (<b>uva<\/b>)<\/p>\n<p>Dia: 23\/04 (quinta-feira)<\/p>\n<p>Hor\u00e1rio: 8h30<\/p>\n<p>Produtora: Renato Yortzzchetz<\/p>\n<p>Local: S\u00edtio S\u00e3o Miguel (Estrada do Bilotte &ndash; Gleba Cambira)<\/p>\n<p><\/p>\n","protected":false},"excerpt":{"rendered":"<p>Orienta&ccedil;&otilde;es iniciaram com os produtores de goiaba e abranger&atilde;o ainda o maracuj&aacute;, figo e uva<\/p>\n","protected":false},"author":4,"featured_media":0,"comment_status":"closed","ping_status":"closed","sticky":false,"template":"","format":"standard","meta":{"footnotes":""},"categories":[24],"tags":[],"class_list":["post-2750","post","type-post","status-publish","format-standard","hentry","category-noticias"],"acf":[],"_links":{"self":[{"href":"http:\/\/www.apucarana.pr.gov.br\/site\/wp-json\/wp\/v2\/posts\/2750","targetHints":{"allow":["GET"]}}],"collection":[{"href":"http:\/\/www.apucarana.pr.gov.br\/site\/wp-json\/wp\/v2\/posts"}],"about":[{"href":"http:\/\/www.apucarana.pr.gov.br\/site\/wp-json\/wp\/v2\/types\/post"}],"author":[{"embeddable":true,"href":"http:\/\/www.apucarana.pr.gov.br\/site\/wp-json\/wp\/v2\/users\/4"}],"replies":[{"embeddable":true,"href":"http:\/\/www.apucarana.pr.gov.br\/site\/wp-json\/wp\/v2\/comments?post=2750"}],"version-history":[{"count":1,"href":"http:\/\/www.apucarana.pr.gov.br\/site\/wp-json\/wp\/v2\/posts\/2750\/revisions"}],"predecessor-version":[{"id":104129,"href":"http:\/\/www.apucarana.pr.gov.br\/site\/wp-json\/wp\/v2\/posts\/2750\/revisions\/104129"}],"wp:attachment":[{"href":"http:\/\/www.apucarana.pr.gov.br\/site\/wp-json\/wp\/v2\/media?parent=2750"}],"wp:term":[{"taxonomy":"category","embeddable":true,"href":"http:\/\/www.apucarana.pr.gov.br\/site\/wp-json\/wp\/v2\/categories?post=2750"},{"taxonomy":"post_tag","embeddable":true,"href":"http:\/\/www.apucarana.pr.gov.br\/site\/wp-json\/wp\/v2\/tags?post=2750"}],"curies":[{"name":"wp","href":"https:\/\/api.w.org\/{rel}","templated":true}]}}