{"id":2749,"date":"2015-04-15T17:50:00","date_gmt":"2015-04-15T17:50:00","guid":{"rendered":"http:\/\/172.16.0.7\/site-antigo\/?p=2749"},"modified":"2024-10-08T09:10:12","modified_gmt":"2024-10-08T12:10:12","slug":"apucarana-amplia-programa-de-incentivo-a-fruticultura","status":"publish","type":"post","link":"http:\/\/www.apucarana.pr.gov.br\/site\/apucarana-amplia-programa-de-incentivo-a-fruticultura\/","title":{"rendered":"Apucarana amplia programa de incentivo \u00e0 fruticultura"},"content":{"rendered":"<p><p><span style=\"letter-spacing: -0.02em; line-height: 1.45em; background-color: initial;\">Perto de completar um ano de implanta\u00e7\u00e3o, Programa Terra Forte entrar\u00e1 em nova uma etapa. O an\u00fancio foi feito pelo prefeito Beto Preto (PT) nesta quarta-feira (15\/04). Al\u00e9m do repasse de mudas selecionadas de goiaba, uva, banana, morango, maracuj\u00e1 e figo, os produtores rurais ter\u00e3o acesso \u00e0 goiaba vermelha tailandesa, manga tommy atkins e caqui fuyu dentro da iniciativa da Secretaria Municipal da Agricultura, que incentiva \u00e0 fruticultura e fertiliza\u00e7\u00e3o do solo em propriedades agrofamiliares.<br \/><\/span><span style=\"letter-spacing: -0.02em; line-height: 1.45em; background-color: initial;\"><br \/>A autoriza\u00e7\u00e3o de abertura de processo licitat\u00f3rio para compra das novas esp\u00e9cies frut\u00edferas j\u00e1 est\u00e1 autorizada pelo prefeito. &ldquo;O Terra Forte \u00e9 uma proposta in\u00e9dita no Paran\u00e1, que j\u00e1 deu muito certo, referenciado Apucarana outros munic\u00edpios. Desenvolvemos as a\u00e7\u00f5es com recursos pr\u00f3prios, em etapas e o retorno tem sido bastante positivo&rdquo;, destacou.<br \/><\/span><span style=\"letter-spacing: -0.02em; line-height: 1.45em; background-color: initial;\"><br \/>A licita\u00e7\u00e3o vai adquirir 1,5 mil unidades de cada nova esp\u00e9cie inclu\u00edda do programa e os processos internos v\u00e3o definir o valor m\u00e1ximo do investimento e a data do certame.<br \/><\/span><span style=\"letter-spacing: -0.02em; line-height: 1.45em; background-color: initial;\"><br \/>A <\/span><span style=\"letter-spacing: -0.02em; line-height: 1.45em; background-color: initial;\">contrapartida dos produtores que aderem ao programa n\u00e3o ser\u00e1 monet\u00e1ria. &ldquo;Este programa \u00e9 diferenciado pois n\u00e3o envolve dinheiro. O retorno deste investimento ser\u00e1 dado pelo colaborador proporcionalmente em frutas, que por sua vez v\u00e3o enriquecer o card\u00e1pio das crian\u00e7as e alunos das creches e das escolas municipais, bem como das entidades sociais&rdquo;, lembra Jo\u00e3o Carmo da Fonseca, secret\u00e1rio Municipal da Agricultura.<br \/><\/span><span style=\"letter-spacing: -0.02em; line-height: 1.45em; background-color: initial;\"><br \/>Ainda nesta quarta-feira, o prefeito Beto Preto tamb\u00e9m autorizou a abertura de processo de compra de insumos para o viveiro municipal e horto florestal, para o cultivo de mudas de caf\u00e9, esp\u00e9cies frut\u00edferas, nativas e para arboriza\u00e7\u00e3o urbana.<br \/><\/span><span style=\"letter-spacing: -0.02em; line-height: 1.45em; background-color: initial;\"><br \/><b>Manh\u00e3 de campo levar\u00e1 t\u00e9cnicas de cultivo a fruticultores<br \/><\/b><\/span><span style=\"letter-spacing: -0.02em; line-height: 1.45em; background-color: initial;\"><b><br \/><\/b>Os agricultores que aderiram ao programa de fruticultura Terra Forte ter\u00e3o uma manh\u00e3 de campo. A agenda come\u00e7a nesta quinta-feira (16\/04), \u00e0s 8h30, na Ch\u00e1cara Louren\u00e7o, localizada na Rua Nossa Senhora do Bom Conselho, na via de acesso \u00e0 Vila Rural Manoel Piassa Sobrinho, na Vila Reis. Na oportunidade, os produtores de goiaba receber\u00e3o orienta\u00e7\u00f5es t\u00e9cnicas sobre o cultivo nesta propriedade. <\/p>\n<p>O secret\u00e1rio municipal de Agricultura, Jo\u00e3o Carmo Fonseca, informa que a agenda ter\u00e1 continuidade na sexta-feira, com uma manh\u00e3 de campo dedicada aos produtores de maracuj\u00e1. J\u00e1 a manh\u00e3 de campo para os produtores de figo ser\u00e1 no dia 22 e para os produtores de uva ser\u00e1 no dia 23 de abril. Mais informa\u00e7\u00f5es 3423-5020.<\/span><\/p><\/p>\n","protected":false},"excerpt":{"rendered":"<p>A autoriza&ccedil;&atilde;o de abertura de processo licitat&oacute;rio para compra das novas esp&eacute;cies frut&iacute;feras j&aacute; est&aacute; autorizada pelo prefeito<\/p>\n","protected":false},"author":4,"featured_media":0,"comment_status":"closed","ping_status":"closed","sticky":false,"template":"","format":"standard","meta":{"footnotes":""},"categories":[24],"tags":[],"class_list":["post-2749","post","type-post","status-publish","format-standard","hentry","category-noticias"],"acf":[],"_links":{"self":[{"href":"http:\/\/www.apucarana.pr.gov.br\/site\/wp-json\/wp\/v2\/posts\/2749","targetHints":{"allow":["GET"]}}],"collection":[{"href":"http:\/\/www.apucarana.pr.gov.br\/site\/wp-json\/wp\/v2\/posts"}],"about":[{"href":"http:\/\/www.apucarana.pr.gov.br\/site\/wp-json\/wp\/v2\/types\/post"}],"author":[{"embeddable":true,"href":"http:\/\/www.apucarana.pr.gov.br\/site\/wp-json\/wp\/v2\/users\/4"}],"replies":[{"embeddable":true,"href":"http:\/\/www.apucarana.pr.gov.br\/site\/wp-json\/wp\/v2\/comments?post=2749"}],"version-history":[{"count":1,"href":"http:\/\/www.apucarana.pr.gov.br\/site\/wp-json\/wp\/v2\/posts\/2749\/revisions"}],"predecessor-version":[{"id":104130,"href":"http:\/\/www.apucarana.pr.gov.br\/site\/wp-json\/wp\/v2\/posts\/2749\/revisions\/104130"}],"wp:attachment":[{"href":"http:\/\/www.apucarana.pr.gov.br\/site\/wp-json\/wp\/v2\/media?parent=2749"}],"wp:term":[{"taxonomy":"category","embeddable":true,"href":"http:\/\/www.apucarana.pr.gov.br\/site\/wp-json\/wp\/v2\/categories?post=2749"},{"taxonomy":"post_tag","embeddable":true,"href":"http:\/\/www.apucarana.pr.gov.br\/site\/wp-json\/wp\/v2\/tags?post=2749"}],"curies":[{"name":"wp","href":"https:\/\/api.w.org\/{rel}","templated":true}]}}