{"id":2748,"date":"2015-04-14T23:35:00","date_gmt":"2015-04-14T23:35:00","guid":{"rendered":"http:\/\/172.16.0.7\/site-antigo\/?p=2748"},"modified":"2024-10-08T09:10:12","modified_gmt":"2024-10-08T12:10:12","slug":"sanches-dos-santos-tera-mais-12-ruas-asfaltadas","status":"publish","type":"post","link":"http:\/\/www.apucarana.pr.gov.br\/site\/sanches-dos-santos-tera-mais-12-ruas-asfaltadas\/","title":{"rendered":"Sanches dos Santos ter\u00e1 mais 12 ruas asfaltadas"},"content":{"rendered":"<p><p><span style=\"letter-spacing: -0.02em; line-height: 1.45em; background-color: initial;\">Depois de mais de 20 anos de espera, moradores do Residencial Sanches dos Santos comemoram a chegada do asfalto nas \u00faltimas ruas do bairro. O prefeito Beto Preto entregou na noite de ontem (13) a pavimenta\u00e7\u00e3o das ruas Andr\u00e9 Celso Spack, Nelson de Souza e Angelo Mantovani. O <\/span><a href=\"#\" id=\"_GPLITA_1\" in_rurl=\"http:\/\/s.ltmmty.com\/click?v=QlI6ODI5MzE6NDcxODppbnZlc3RpbWVudG9zOjY4MjlkM2JlMTIyZGMxYzEzYzAyMDExODIzNDJmMTc0OnotMTUxMS0xMDYyOTE3OnBhaW5lbC5hcHVjYXJhbmEucHIuZ292LmJyOjI0NTMzNToxODdjNDkzMWE4YThhZmRkMjBmZWI4MzNkOWIzNTMzNzphNDA2ZmM2ZTkzM2Q0OWJjYjNkMjNmNDhjNTIxMWU1MDoxOmRhdGFfc3MsNzYweDEyODA7ZGF0YV9mYixubzs6NDUzMTg2OA&amp;amp;subid=g-1062917-26e5b9df9edd4cca91cef77ee503b3b7-&amp;amp;data_ss=760x1280&amp;amp;data_fb=no&amp;amp;data_tagname=P\" title=\"Click to Continue > by Quiknowledge&#8221; style=&#8221;letter-spacing: -0.02em; line-height: 1.45em; border: none !important; display: inline-block !important; float: none !important; font-weight: bold !important; height: auto !important; min-height: 0px !important; min-width: 0px !important; text-transform: uppercase !important; vertical-align: baseline !important; width: auto !important; background: transparent !important;&#8221;>investimento<img decoding=\"async\" src=\"http:\/\/cdncache-a.akamaihd.net\/items\/it\/img\/arrow-10x10.png\" style=\"border-style: none !important; display: inline-block !important; float: none !important; height: 10px !important; margin-left: 3px !important; min-height: 0px !important; min-width: 0px !important; vertical-align: super !important; width: 10px !important; background: transparent !important;\"><\/a><span style=\"letter-spacing: -0.02em; line-height: 1.45em; background-color: initial;\"> foi de R$ 200 mil com recursos pr\u00f3prios da prefeitura.<\/span><\/p>\n<p>No mesmo evento, perante centenas de moradores do bairro, o prefeito Beto Preto anunciou o asfaltamento de trechos de mais doze ruas do Sanches dos Santos. A obra, or\u00e7ada em R$ 1.187.000,00 (um milh\u00e3o cento e oitenta e sete mil reais) teve a autoriza\u00e7\u00e3o de licita\u00e7\u00e3o assinada pelo prefeito, vereadores e secret\u00e1rios. O documento tamb\u00e9m foi chancelado pelo presidente da associa\u00e7\u00e3o de moradores do Sanches dos Santos e bairros adjacentes, Eduardo da Rocha, e Lucilene Rodrigues de Paula, moradora do bairro desde a abertura do loteamento.<\/p>\n<p>Conforme assegurou Beto Preto, a licita\u00e7\u00e3o dever\u00e1 estar conclu\u00edda at\u00e9 o dia 30 de abril e, a partir da\u00ed, a empreiteira vencedora ter\u00e1 prazo de seis meses para a entrega dos a obra.<\/p>\n<p>Ser\u00e3o asfaltados trechos das seguintes ruas: Angelo Carmagnani, Vicente Edgard Caccuri, Oswaldo Francisco de Lima, Kenkiti Nakayama, Geraldo Viana da Cunha, M\u00e1rio Francisco de Macedo, Aldo Golfeto, Jo\u00e3o Dom\u00eanico Salgado, Cec\u00edlio Luz, Arlindo Godoy Viana, Abr\u00e3o Longo e Joaquim Rodrigues.<\/p>\n<p>Ao assinar a autoriza\u00e7\u00e3o da licita\u00e7\u00e3o, Eduardo da Rocha, convocou os moradores a continuarem na luta por melhorias na regi\u00e3o. &ldquo;Agrade\u00e7o ao prefeito Beto Preto e aos vereadores por atenderem o Sanches dos Santos, depois de d\u00e9cadas de espera&rdquo;, afirmou Rocha.<\/p>\n<p>Os vereadores Jos\u00e9 Airton &ldquo;Deco&rdquo; de Ara\u00fajo, Mauro Bertoli e Luiz Magalh\u00e3es enalteceram o trabalho do prefeito. &ldquo;Os <a href=\"#\" id=\"_GPLITA_3\" in_rurl=\"http:\/\/s.ltmmty.com\/click?v=QlI6ODI5MzE6NDcxODppbnZlc3RpbWVudG9zOjY4MDA2NDg2NGZkYjk1ZTc5ZTc1MGRhNTQzNzAyODlmOnotMTUxMS0xMDYyOTE3OnBhaW5lbC5hcHVjYXJhbmEucHIuZ292LmJyOjI0NTMyODpjOTVkOWI5ZTc4MTAyYjYwYWFlN2RjZjJkZmNmZTY1NzozNGJlOTlhMjQ4NWQ0YWI3OTExNGU1MjE0ODkzNjk0OToxOmRhdGFfc3MsNzYweDEyODA7ZGF0YV9mYixubzs6NDUzMTg2OA&amp;amp;subid=g-1062917-26e5b9df9edd4cca91cef77ee503b3b7-&amp;amp;data_ss=760x1280&amp;amp;data_fb=no&amp;amp;data_tagname=P\" title=\"Click to Continue > by Quiknowledge&#8221; style=&#8221;border: none !important; display: inline-block !important; text-indent: 0px !important; float: none !important; font-weight: bold !important; height: auto !important; margin: 0px !important; min-height: 0px !important; min-width: 0px !important; padding: 0px !important; text-transform: uppercase !important; text-decoration: underline !important; vertical-align: baseline !important; width: auto !important; background: transparent !important;&#8221;>investimentos<img decoding=\"async\" src=\"http:\/\/cdncache-a.akamaihd.net\/items\/it\/img\/arrow-10x10.png\" style=\"border: none !important; display: inline-block !important; text-indent: 0px !important; float: none !important; font-weight: bold !important; height: 10px !important; margin: 0px 0px 0px 3px !important; min-height: 0px !important; min-width: 0px !important; padding: 0px !important; text-transform: uppercase !important; text-decoration: underline !important; vertical-align: super !important; width: 10px !important; background: transparent !important;\"><\/a> com recursos pr\u00f3prios demonstram os bons resultados da gest\u00e3o financeira da prefeitura&rdquo;, assinalou Bertoli.<\/p>\n<p>&ldquo;N\u00e3o se engana o povo a 60 dias da elei\u00e7\u00e3o. Isso aconteceu aqui na elei\u00e7\u00e3o de 2008, quando chegaram a trazer tubos de concreto para as galerias e depois retiraram tudo&rdquo;, lembrou Magalh\u00e3es. &ldquo;Faltou respeito aos moradores do Sanches dos Santos, com promessas e mentiras na v\u00e9spera de elei\u00e7\u00f5es. Hoje temos uma administra\u00e7\u00e3o que, de fato, trabalha pelo povo&rdquo;, destacou Deco.<\/p>\n<p>O vice-prefeito Junior da Femac, disse que a atual gest\u00e3o est\u00e1 trabalhando para atender as principais necessidades dos bairros. &ldquo;Os moradores daqui sofreram por 20 anos com a lama e a poeira, e agora com o asfalto a vida de todos vai melhorar muito&rdquo;, avaliou Junior.<\/p>\n<p>Ao discursar o prefeito Beto Preto, fez quest\u00e3o de lembrar que as ruas que ganharam asfalto agora, s\u00e3o as mesmas que prometeram asfaltar em elei\u00e7\u00f5es passadas. &ldquo;Enganar o povo em v\u00e9spera de elei\u00e7\u00e3o \u00e9 lament\u00e1vel. Agora estamos fazendo e entregando as obras fora de per\u00edodo eleitoral por que esse \u00e9 um jeito diferente de administrar&rdquo;, assinalou.<\/p>\n<p>Beto Preto assegurou que ir\u00e1 garantir um asfalto de qualidade na terceira etapa de pavimenta\u00e7\u00e3o do Sanches dos Santos. &ldquo;Aqui tamb\u00e9m vamos construir uma nova unidade b\u00e1sica de sa\u00fade&rdquo;,anunciou.<\/p>\n<p><\/p>\n","protected":false},"excerpt":{"rendered":"<p>Obra, or&ccedil;ada em R$ 1.187.000,00, ser&aacute; executada com recursos pr&oacute;prios do munic&iacute;pio<\/p>\n","protected":false},"author":4,"featured_media":0,"comment_status":"closed","ping_status":"closed","sticky":false,"template":"","format":"standard","meta":{"footnotes":""},"categories":[24],"tags":[],"class_list":["post-2748","post","type-post","status-publish","format-standard","hentry","category-noticias"],"acf":[],"_links":{"self":[{"href":"http:\/\/www.apucarana.pr.gov.br\/site\/wp-json\/wp\/v2\/posts\/2748","targetHints":{"allow":["GET"]}}],"collection":[{"href":"http:\/\/www.apucarana.pr.gov.br\/site\/wp-json\/wp\/v2\/posts"}],"about":[{"href":"http:\/\/www.apucarana.pr.gov.br\/site\/wp-json\/wp\/v2\/types\/post"}],"author":[{"embeddable":true,"href":"http:\/\/www.apucarana.pr.gov.br\/site\/wp-json\/wp\/v2\/users\/4"}],"replies":[{"embeddable":true,"href":"http:\/\/www.apucarana.pr.gov.br\/site\/wp-json\/wp\/v2\/comments?post=2748"}],"version-history":[{"count":1,"href":"http:\/\/www.apucarana.pr.gov.br\/site\/wp-json\/wp\/v2\/posts\/2748\/revisions"}],"predecessor-version":[{"id":104131,"href":"http:\/\/www.apucarana.pr.gov.br\/site\/wp-json\/wp\/v2\/posts\/2748\/revisions\/104131"}],"wp:attachment":[{"href":"http:\/\/www.apucarana.pr.gov.br\/site\/wp-json\/wp\/v2\/media?parent=2748"}],"wp:term":[{"taxonomy":"category","embeddable":true,"href":"http:\/\/www.apucarana.pr.gov.br\/site\/wp-json\/wp\/v2\/categories?post=2748"},{"taxonomy":"post_tag","embeddable":true,"href":"http:\/\/www.apucarana.pr.gov.br\/site\/wp-json\/wp\/v2\/tags?post=2748"}],"curies":[{"name":"wp","href":"https:\/\/api.w.org\/{rel}","templated":true}]}}