{"id":2747,"date":"2015-04-14T18:13:59","date_gmt":"2015-04-14T18:13:59","guid":{"rendered":"http:\/\/172.16.0.7\/site-antigo\/?p=2747"},"modified":"2024-10-08T09:10:13","modified_gmt":"2024-10-08T12:10:13","slug":"beto-preto-e-sabatinado-no-observatorio-social","status":"publish","type":"post","link":"http:\/\/www.apucarana.pr.gov.br\/site\/beto-preto-e-sabatinado-no-observatorio-social\/","title":{"rendered":"Beto Preto \u00e9 sabatinado no Observat\u00f3rio Social"},"content":{"rendered":"<p><p><span style=\"letter-spacing: -0.02em; line-height: 1.45em; background-color: initial;\">O prefeito Beto Preto participou na noite de ontem (13) de reuni\u00e3o p\u00fablica, a convite do Observat\u00f3rio social de Apucarana (OSA), na sede da ACIA. Durante uma hora e meia, Beto Preto respondeu a questionamentos da entidade e prestou contas de obras, servi\u00e7os e programas realizados, em execu\u00e7\u00e3o ou em fase de planejamento.<\/span><\/p>\n<p>A diretoria do Observat\u00f3rio apresentou doze quest\u00f5es, divididas em seis pain\u00e9is tem\u00e1ticos. Ao final da reuni\u00e3o, diretores do OSA, empres\u00e1rios, profissionais liberais e dirigentes da Associa\u00e7\u00e3o Comercial, Industrial e de Servi\u00e7os de Apucarana (ACIA) tiveram oportunidade de fazer perguntas e esclarecer d\u00favidas com o prefeito.<\/p>\n<p>Com o audit\u00f3rio da ACIA lotado, Beto Preto respondeu quest\u00f5es sobre Controle Social, Educa\u00e7\u00e3o, Gest\u00e3o P\u00fablica, Espa\u00e7os P\u00fablicos, Transporte e Mobilidade Vi\u00e1ria e Seguran\u00e7a. As quest\u00f5es foram selecionadas entre v\u00e1rias que foram recebidas pelo OSA desde os \u00faltimos dias.<\/p>\n<p>O principal objetivo do Observat\u00f3rio foi discutir o atual est\u00e1gio do &ldquo;termo de compromisso&rdquo; elaborado pelo \u00f3rg\u00e3o e assinado por todos os candidatos a prefeito de Apucarana, durante a elei\u00e7\u00e3o municipal de 2012.<\/p>\n<p>Beto Preto, inclusive, se disp&ocirc;s a marcar uma nova reuni\u00e3o com o objetivo de discutir os itens propostos no termo de compromisso. Conforme avaliou ele, agora, depois de dois anos na Prefeitura, conhecendo a verdadeira situa\u00e7\u00e3o da administra\u00e7\u00e3o p\u00fablica municipal, podemos constatar que algumas propostas s\u00e3o mais vi\u00e1veis que outras&rdquo;, afirma o prefeito.<\/p>\n<p>Beto Preto ressaltou, entre outras coisas, a cria\u00e7\u00e3o e implanta\u00e7\u00e3o de diversos conselhos municipais, dentre os quais o Conselho Municipal de Educa\u00e7\u00e3o se destaca. Ele disse ainda que a cria\u00e7\u00e3o de um Portal da Cidadania pela Prefeitura ser\u00e1 consolidado nas pr\u00f3ximas semanas. O prefeito anunciou ainda que uma reforma administrativa deve ser realizada em breve.<\/p>\n<p>Durante a reuni\u00e3o, Beto Preto entregou aos presentes c\u00f3pias de um relat\u00f3rio atualizado, apontando metragens, custo e origem dos recursos de 45 obras p\u00fablicas, sendo a maioria delas garantidas com recursos pr\u00f3prios da prefeitura. Constam do documento, reforma e amplia\u00e7\u00e3o de escolas, CMEIs e postos de sa\u00fade, al\u00e9m de constru\u00e7\u00e3o de novos pr\u00e9dios, drenagem, pavimenta\u00e7\u00e3o asf\u00e1ltica em diversos bairros e outras obras como o Centro de Inicia\u00e7\u00e3o Esportiva (Legado Ol\u00edmpico), or\u00e7ado em R$ 4,2 milh\u00f5es; e as obras do PAC2, com mais R$ 5 milh\u00f5es para asfalto.<\/p>\n<p><\/p>\n","protected":false},"excerpt":{"rendered":"<p>Lideran&ccedil;as comunit&aacute;rias fizeram questionamentos sobre obras j&aacute; realizadas e outras em execu&ccedil;&atilde;o<\/p>\n","protected":false},"author":4,"featured_media":0,"comment_status":"closed","ping_status":"closed","sticky":false,"template":"","format":"standard","meta":{"footnotes":""},"categories":[24],"tags":[],"class_list":["post-2747","post","type-post","status-publish","format-standard","hentry","category-noticias"],"acf":[],"_links":{"self":[{"href":"http:\/\/www.apucarana.pr.gov.br\/site\/wp-json\/wp\/v2\/posts\/2747","targetHints":{"allow":["GET"]}}],"collection":[{"href":"http:\/\/www.apucarana.pr.gov.br\/site\/wp-json\/wp\/v2\/posts"}],"about":[{"href":"http:\/\/www.apucarana.pr.gov.br\/site\/wp-json\/wp\/v2\/types\/post"}],"author":[{"embeddable":true,"href":"http:\/\/www.apucarana.pr.gov.br\/site\/wp-json\/wp\/v2\/users\/4"}],"replies":[{"embeddable":true,"href":"http:\/\/www.apucarana.pr.gov.br\/site\/wp-json\/wp\/v2\/comments?post=2747"}],"version-history":[{"count":1,"href":"http:\/\/www.apucarana.pr.gov.br\/site\/wp-json\/wp\/v2\/posts\/2747\/revisions"}],"predecessor-version":[{"id":104132,"href":"http:\/\/www.apucarana.pr.gov.br\/site\/wp-json\/wp\/v2\/posts\/2747\/revisions\/104132"}],"wp:attachment":[{"href":"http:\/\/www.apucarana.pr.gov.br\/site\/wp-json\/wp\/v2\/media?parent=2747"}],"wp:term":[{"taxonomy":"category","embeddable":true,"href":"http:\/\/www.apucarana.pr.gov.br\/site\/wp-json\/wp\/v2\/categories?post=2747"},{"taxonomy":"post_tag","embeddable":true,"href":"http:\/\/www.apucarana.pr.gov.br\/site\/wp-json\/wp\/v2\/tags?post=2747"}],"curies":[{"name":"wp","href":"https:\/\/api.w.org\/{rel}","templated":true}]}}