{"id":2746,"date":"2015-04-14T17:55:00","date_gmt":"2015-04-14T17:55:00","guid":{"rendered":"http:\/\/172.16.0.7\/site-antigo\/?p=2746"},"modified":"2024-10-08T09:10:13","modified_gmt":"2024-10-08T12:10:13","slug":"prefeitura-oferta-curso-de-inclusao-digital-para-idosos","status":"publish","type":"post","link":"http:\/\/www.apucarana.pr.gov.br\/site\/prefeitura-oferta-curso-de-inclusao-digital-para-idosos\/","title":{"rendered":"Prefeitura oferta curso de inclus\u00e3o digital para idosos"},"content":{"rendered":"<p><p><span style=\"letter-spacing: -0.02em; line-height: 1.45em; background-color: initial;\">A aula inaugural do Projeto de Inclus\u00e3o Digital da Terceira Idade, oferecido gratuitamente pela prefeitura, atrav\u00e9s da Secretaria e Assist\u00eancia Social, em parceria com o Servi\u00e7o Social da Ind\u00fastria (SESI), lotou hoje (14) \u00e0 tarde o sal\u00e3o de eventos do p\u00f3lo da Universidade Aberta do Brasil (UAB). O p\u00fablico alvo da iniciativa &#8211; pessoas acima de 60 anos &#8211; atendeu o chamamento dos organizadores do curso e as aulas pr\u00e1ticas come\u00e7am do dia 27 de abril com 150 alunos distribu\u00eddos em 5 turmas.<\/span><\/p>\n<p>A programa\u00e7\u00e3o do curso \u00e9 dividida em tr\u00eas m\u00f3dulos: alfabetiza\u00e7\u00e3o digital, world e internet. Cada um com 8 horas\/aula. O curso ser\u00e1 ministrado em dois locais visando facilitar o acesso dos alunos \u00e0s salas de aula. Duas turmas ter\u00e3o aulas no p\u00f3lo da UAB e as outras tr\u00eas no SESI, voltado alunos daquela regi\u00e3o. &ldquo;Ainda temos vagas e as inscri\u00e7\u00f5es podem ser feitas no Centro de Qualifica\u00e7\u00e3o Total, no Jardim Am\u00e9rica, ou pelo telefone 3426-7241. O curso tem o total de 24 horas, portando ser\u00e1 ministrado durante 12 dias, com duas 2 horas\/aula\/dia&rdquo;, detalhou secret\u00e1ria da Assist\u00eancia Social M\u00e1rcia Regina de Sousa.<\/p>\n<p>Segundo a gerente do SESI\/SENAI de Apucarana, M\u00e1rcia Kulka, o curso de inclus\u00e3o digital \u00e9 oferecido pelo SESI h\u00e1 algum tempo, direcionado a trabalhadores da ind\u00fastria. &ldquo;&Eacute; a primeira vez que \u00e9 voltado ao p\u00fablico da terceira idade. Isso se tornou poss\u00edvel atrav\u00e9s da parceria com a prefeitura&rdquo;, observou.<\/p>\n<p>Representando o prefeito Beto Preto no evento, o secret\u00e1rio de governo da prefeitura, S\u00e9rgio Luiz Barroso, destacou a import&acirc;ncia do curso para inser\u00e7\u00e3o dos interessados na era digital. &ldquo;Esse aprendizado vai mudar muito a vida de cada um de voc\u00eas, permitindo uma maior comunica\u00e7\u00e3o com filhos, parentes e amigos. Em nome do prefeito parabenizo todos pela disposi\u00e7\u00e3o de aprender cada vez mais. Este \u00e9 apenas o primeiro curso, com 150 alunos, mas a meta de Beto Preto \u00e9 abrir, at\u00e9 o final do ano, mil vagas para inclus\u00e3o digital da terceira idade&rdquo;, afirmou Barroso.<\/p>\n<p>Bastante entusiasmada com o aprendizado que ir\u00e1 receber, a diarista Maria Edna Sacardo tem planos de comprar um computador em breve, para poder se comunicar com os filhos que moram longe, em especial a filha que est\u00e1 em Londres. &ldquo;Sempre tive vontade de aprender a mexer com computador, mas n\u00e3o tive oportunidade. Esse curso \u00e9 a chance que estava esperando. Estou muito animada&rdquo;, declarou. <\/p>\n<p><\/p>\n","protected":false},"excerpt":{"rendered":"<p>Iniciativa formou 5 turmas reunindo 150 alunos com idade acima de 60 anos<\/p>\n","protected":false},"author":4,"featured_media":0,"comment_status":"closed","ping_status":"closed","sticky":false,"template":"","format":"standard","meta":{"footnotes":""},"categories":[24],"tags":[],"class_list":["post-2746","post","type-post","status-publish","format-standard","hentry","category-noticias"],"acf":[],"_links":{"self":[{"href":"http:\/\/www.apucarana.pr.gov.br\/site\/wp-json\/wp\/v2\/posts\/2746","targetHints":{"allow":["GET"]}}],"collection":[{"href":"http:\/\/www.apucarana.pr.gov.br\/site\/wp-json\/wp\/v2\/posts"}],"about":[{"href":"http:\/\/www.apucarana.pr.gov.br\/site\/wp-json\/wp\/v2\/types\/post"}],"author":[{"embeddable":true,"href":"http:\/\/www.apucarana.pr.gov.br\/site\/wp-json\/wp\/v2\/users\/4"}],"replies":[{"embeddable":true,"href":"http:\/\/www.apucarana.pr.gov.br\/site\/wp-json\/wp\/v2\/comments?post=2746"}],"version-history":[{"count":1,"href":"http:\/\/www.apucarana.pr.gov.br\/site\/wp-json\/wp\/v2\/posts\/2746\/revisions"}],"predecessor-version":[{"id":104133,"href":"http:\/\/www.apucarana.pr.gov.br\/site\/wp-json\/wp\/v2\/posts\/2746\/revisions\/104133"}],"wp:attachment":[{"href":"http:\/\/www.apucarana.pr.gov.br\/site\/wp-json\/wp\/v2\/media?parent=2746"}],"wp:term":[{"taxonomy":"category","embeddable":true,"href":"http:\/\/www.apucarana.pr.gov.br\/site\/wp-json\/wp\/v2\/categories?post=2746"},{"taxonomy":"post_tag","embeddable":true,"href":"http:\/\/www.apucarana.pr.gov.br\/site\/wp-json\/wp\/v2\/tags?post=2746"}],"curies":[{"name":"wp","href":"https:\/\/api.w.org\/{rel}","templated":true}]}}