{"id":2744,"date":"2015-04-14T12:02:00","date_gmt":"2015-04-14T12:02:00","guid":{"rendered":"http:\/\/172.16.0.7\/site-antigo\/?p=2744"},"modified":"2024-10-08T09:10:13","modified_gmt":"2024-10-08T12:10:13","slug":"comissao-define-as-15-musicas-classificadas-para-o-femudap","status":"publish","type":"post","link":"http:\/\/www.apucarana.pr.gov.br\/site\/comissao-define-as-15-musicas-classificadas-para-o-femudap\/","title":{"rendered":"Comiss\u00e3o define as 15 m\u00fasicas classificadas para o Femudap"},"content":{"rendered":"<\/p>\n<p>A comiss\u00e3o julgadora do 1\u00ba Festival de M\u00fasicaMensagem de Apucarana (Femudap) concluiu a an\u00e1lise pr\u00e9via das m\u00fasicas inscritas e classificou as 15 que subir\u00e3o no palco do Cine Teatro F\u00eanix, entre os dias 24 e 26 de abril. O festival, que tem como tema &ldquo;Juventude, f\u00e9 e sociedade&rdquo; e o lema &ldquo;O desafio de ser jovem&rdquo; &#8211; ter\u00e1 concorrentes de seis munic\u00edpios paranaenses e um de Santa Catarina, que apresentar\u00e3o m\u00fasicas in\u00e9ditas.<\/p>\n<p>De acordo com M\u00e1rio Felipe, supervisor-geral do Femudap, a comiss\u00e3o julgadora esteve reunida desde quinta-feira e encerrou a an\u00e1lise das 41 m\u00fasicas inscritas na \u00faltima segunda-feira. &ldquo;A avalia\u00e7\u00e3o foi feita por sete m\u00fasicos que comp\u00f5e a comiss\u00e3o julgadora, que tiveram o apoio de m\u00fasicos convidados. Foram classificadas quatro inscri\u00e7\u00f5es de Apucarana, quatro de Sab\u00e1udia, duas de Maril&acirc;ndia do Sul, uma de Curitiba, uma de S\u00e3o Jos\u00e9 dos Pinhais, uma de Corn\u00e9lio Proc\u00f3pio e uma de Jaragu\u00e1 do Sul, cidade localizada no estado de Santa Catarina&rdquo;, detalha M\u00e1rio Felipe. <\/p>\n<p>O 1\u00ba Festival de M\u00fasicaMensagem de Apucarana \u00e9 uma promo\u00e7\u00e3o do Setor Juventude da Diocese de Apucarana, com apoio da Secretaria Municipal de Promo\u00e7\u00e3o Art\u00edstica, Cultural e Tur\u00edstica (Promatur). &ldquo;O objetivo \u00e9 incentivar a criatividade musical, promover interc&acirc;mbio cultural, al\u00e9m de descobrir e valorizar novos talentos, difundir cultura e trabalho de m\u00fasicos e grupos iniciantes&rdquo;, frisa Maria Agar Borba Ferreira, secret\u00e1ria da Promatur.<\/p>\n<p>De acordo com Maria Agar, sete concorrentes se apresentar\u00e3o no dia 24 (sexta-feira) e oito no dia 25 (s\u00e1bado). &ldquo;A grande final ser\u00e1 disputada no dia 26, um domingo, com as 10 m\u00fasicas que ser\u00e3o classificadas pela comiss\u00e3o julgadora nas duas primeiras noites&rdquo;, afirma Maria Agar, lembrando que o festival come\u00e7ar\u00e1 sempre \u00e0s 20 horas, com exce\u00e7\u00e3o da abertura, no dia 26, quando as atividades iniciam \u00e0s 19h30 com a presen\u00e7a do prefeito de Apucarana, Beto Preto, e show com a Banda Kara do C\u00e9u, de Astorga. <\/p>\n<p>O Festival de M\u00fasica Mensagem de Apucarana vai premiar as cinco melhores m\u00fasicas classificadas na final\u00edssima com trof\u00e9us, valores em dinheiro e viol\u00f5es: 1\u00ba Lugar &ndash; Trof\u00e9u + R$ 1.500,00; 2\u00ba Lugar &ndash; Trof\u00e9u + R$ 1.000,00; 3\u00ba Lugar &ndash; Trof\u00e9u + R$ 500,00; 4\u00ba Lugar &ndash; Trof\u00e9u + viol\u00e3o; 5\u00ba Lugar &ndash; Trof\u00e9u + viol\u00e3o; Melhor int\u00e9rprete- Trof\u00e9u; Melhor conjunto- Trof\u00e9u; Melhor letra- Trof\u00e9u.<\/p>\n<p>Os ingressos poder\u00e3o ser retirados a partir de segunda-feira (20\/05), no Cine Teatro F\u00eanix, mediante o fornecimento de um litro de leite longa vida, que posteriormente ser\u00e1 encaminhado para entidades sociais. A Promatur lembra que cada ingresso \u00e9 valido apenas para uma noite.<\/p>\n<p><b>RELA&Ccedil;&Atilde;O DE M&Uacute;SICAS CLASSIFICADAS PARA O FESTIVAL<\/b><\/p>\n<p>01- M&Uacute;SICA- ALQUIMIA &#8211; CIDADE- CURITIBA- PR &#8211;<\/p>\n<p>AUTOR- IGOR ALEXANDRE CORTEZ DE MENEZES E PAULO ROBERTO PACHECO<\/p>\n<p>INT&Eacute;RPRETE &#8211; IGOR MENEZES E BANDA<\/p>\n<p>02- M&Uacute;SICA- FELICIDADE &#8211; CIDADE- APUCARANA-PR<\/p>\n<p>AUTOR- CAIO C&Eacute;SAR DE SIQUEIRA SILVA &#8211; LETRA- CAIO C&Eacute;SAR DE SIQUEIRA SILVA<\/p>\n<p>INT&Eacute;RPRETE &#8211; CAIO C&Eacute;SAR E LOURDES CONCEI&Ccedil;&Atilde;O<\/p>\n<p>03- M&Uacute;SICA- FONTE EM N&Oacute;S &#8211; CIDADE- SABAUDIA- PR<\/p>\n<p>AUTOR- DEOSVALDO CHAVES &#8211; LETRA- DEOSVALDO CHAVES<\/p>\n<p>INT&Eacute;RPRETE &#8211; DEOSVALDO CHAVES<\/p>\n<p>04- M&Uacute;SICA &#8211; JOVEM &#8211; CIDADE- APUCARANA-PR<\/p>\n<p>AUTOR &#8211; C&Aacute;SSIA LOPES &#8211; LETRA- C&Aacute;SSIA LOPES<\/p>\n<p>INT&Eacute;RPRETE- C&Aacute;SSIA LOPES E BANDA<\/p>\n<p>05- M&Uacute;SICA-JOVEM PEQUENINO &#8211; CIDADE- JARAGUA DO SUL &#8211; SC<\/p>\n<p>AUTOR- MIGUEL MOREIRA LEAL &#8211; LETRA- MIGUEL MOREIRA LEAL<\/p>\n<p>INT&Eacute;RPRETE- L&Aacute;ZARO DOS SANTOS<\/p>\n<p>06- M&Uacute;SICA- MAIS QUE VENCEDOR- CIDADE- APUCARANA-PR<\/p>\n<p>AUTOR- MARCOS VIN&Iacute;CCIOS DOLCE IBANEZ &#8211; LETRA- MARCOS VIN&Iacute;CCIOS IBANEZ<\/p>\n<p>INT&Eacute;RPRETE &#8211; KELLI PATRICIA E BANDA GRUPO HARMONIA<\/p>\n<p>07- M&Uacute;SICA- TEU ALTAR &#8211; CIDADE- SABAUDIA- PR<\/p>\n<p>AUTOR- RONALDO LUCAS TURCI &#8211; LETRA- JOANA APARECIDA DE MIRANDA<\/p>\n<p>INT&Eacute;RPRETE &#8211; ADRIANA GOMES VASCOVE E DANDA SHEKINAH<\/p>\n<p>08-M&Uacute;SICA- MURMURAR DO RIACHO &#8211; CIDADE- CURITIBA- PR<\/p>\n<p>AUTOR- JO&Atilde;O PECEGUINI &#8211; LETRA- JO&Atilde;O PECEGUINI<\/p>\n<p>INTPERPRETE &#8211; TIET&Ecirc; E APUCARANA<\/p>\n<p>09- M&Uacute;SICA- ONDE EST&Aacute; &#8211; CIDADE- MARIL&Acirc;NDIA DO SUL -PR<\/p>\n<p>AUTOR- DANILO TAKESHI SEGAE &#8211; LETRA- DANILO TAKESHI SEGAE<\/p>\n<p>INT&Eacute;RPRETE- DANILO TAKESHI SEGAI E BANDA<\/p>\n<p>10- M&Uacute;SICA- PEQUENAS PRECES &#8211; CIDADE- SABAUDIA- PR<\/p>\n<p>AUTOR- ELAN FRANCISCO DA SILVA &#8211; LETRA- ELAN FRANCISCO DA SILVA<\/p>\n<p>INT&Eacute;RPRETE- ELAN FRANCISCO DA SILVA E BANDA<\/p>\n<p>11- M&Uacute;SICA-REENCONTRO &#8211; CIDADE- SABAUDIA- PR<\/p>\n<p>AUTOR- RONALDO LUCAS TURCI &#8211; LETRA- JOANA APARECIDA DE MIRANDA<\/p>\n<p>INT&Eacute;RPRETE &#8211; ADRIANA GOMES VASCOVE E BANDA SHEKINAH<\/p>\n<p>12- M&Uacute;SICA- CHEGOU A VEZ &#8211; CIDADE- APUCARANA-PR<\/p>\n<p>AUTOR- RODRIGO CEZ&Aacute;RIO &#8211; LETRA- RODRIGO CEZ&Aacute;RIO<\/p>\n<p>INT&Eacute;RPRETE &#8211; RODRIGO CEZ&Aacute;RIO<\/p>\n<p>13- M&Uacute;SICA- EU QUERO TEU OLHAR &#8211; CIDADE- MARIL&Atilde;NDIA DO SUL -PR<\/p>\n<p>AUTOR- DANILO TAKESHI SEGAE &#8211; LETRA- DANILO TAKESHI SEGAE<\/p>\n<p>INT&Eacute;RPRETE &#8211; DANILO TAKESHI SEGAE E BANDA<\/p>\n<p>14- M&Uacute;SICA- VERDE ROUPAGEM &#8211; CIDADE- S&Atilde;O JOSE DOS PINHAIS &#8211; PR<\/p>\n<p>AUTOR- JO&Atilde;O CESAR PECEGUINI  &#8211; LETRA- JO&Atilde;O PECEGUINI<\/p>\n<p>INT&Eacute;RPRETE &#8211; JO&Atilde;O PECEGUINI E LU&Iacute;GI GALVAN PECEGUINI<\/p>\n<p>15- M&Uacute;SICA- EM NOME DA PAZ &#8211; CIDADE- CORN&Eacute;LIO PROC&Oacute;PIO &#8211; PR-<br \/>-AUTOR &#8211; JOS&Eacute; PAULO LIASCHI MAR&Ccedil;AL  &#8211; LETRA- JOS&Eacute; PAULO LIASCHI<\/p>\n<p>INT&Eacute;RPRETE &#8211; BANDA SEGUNDA LEI COMPARTICIPA&Ccedil;&Atilde;O DE SAPO E NETO<\/p>\n<p><\/p>\n","protected":false},"excerpt":{"rendered":"<p>Festival ter&aacute; concorrentes de seis munic&iacute;pios paranaenses e um de Santa Catarina<\/p>\n","protected":false},"author":4,"featured_media":0,"comment_status":"closed","ping_status":"closed","sticky":false,"template":"","format":"standard","meta":{"footnotes":""},"categories":[24],"tags":[],"class_list":["post-2744","post","type-post","status-publish","format-standard","hentry","category-noticias"],"acf":[],"_links":{"self":[{"href":"http:\/\/www.apucarana.pr.gov.br\/site\/wp-json\/wp\/v2\/posts\/2744","targetHints":{"allow":["GET"]}}],"collection":[{"href":"http:\/\/www.apucarana.pr.gov.br\/site\/wp-json\/wp\/v2\/posts"}],"about":[{"href":"http:\/\/www.apucarana.pr.gov.br\/site\/wp-json\/wp\/v2\/types\/post"}],"author":[{"embeddable":true,"href":"http:\/\/www.apucarana.pr.gov.br\/site\/wp-json\/wp\/v2\/users\/4"}],"replies":[{"embeddable":true,"href":"http:\/\/www.apucarana.pr.gov.br\/site\/wp-json\/wp\/v2\/comments?post=2744"}],"version-history":[{"count":1,"href":"http:\/\/www.apucarana.pr.gov.br\/site\/wp-json\/wp\/v2\/posts\/2744\/revisions"}],"predecessor-version":[{"id":104135,"href":"http:\/\/www.apucarana.pr.gov.br\/site\/wp-json\/wp\/v2\/posts\/2744\/revisions\/104135"}],"wp:attachment":[{"href":"http:\/\/www.apucarana.pr.gov.br\/site\/wp-json\/wp\/v2\/media?parent=2744"}],"wp:term":[{"taxonomy":"category","embeddable":true,"href":"http:\/\/www.apucarana.pr.gov.br\/site\/wp-json\/wp\/v2\/categories?post=2744"},{"taxonomy":"post_tag","embeddable":true,"href":"http:\/\/www.apucarana.pr.gov.br\/site\/wp-json\/wp\/v2\/tags?post=2744"}],"curies":[{"name":"wp","href":"https:\/\/api.w.org\/{rel}","templated":true}]}}