{"id":2743,"date":"2015-04-14T11:41:00","date_gmt":"2015-04-14T11:41:00","guid":{"rendered":"http:\/\/172.16.0.7\/site-antigo\/?p=2743"},"modified":"2024-10-08T09:10:13","modified_gmt":"2024-10-08T12:10:13","slug":"semana-do-microempreendedor-oferece-orientacoes-e-servicos","status":"publish","type":"post","link":"http:\/\/www.apucarana.pr.gov.br\/site\/semana-do-microempreendedor-oferece-orientacoes-e-servicos\/","title":{"rendered":"Semana do microempreendedor oferece orienta\u00e7\u00f5es e servi\u00e7os"},"content":{"rendered":"<p><p>Esta semana, que vai de 13 a 17 de abril, est\u00e1 sendo dedicada ao Microempreendedor Individual. A campanha, que acontece simultaneamente em todo o Brasil, oferece gratuitamente diversos servi\u00e7os voltados aos empreendimentos que se enquadram neste regime tribut\u00e1rio especial, com faturamento anual de at\u00e9 R$ 60 mil. Em Apucarana, as atividades tamb\u00e9m foram intensificadas nesta semana, abrangendo tanto os neg\u00f3cios informais quanto aqueles que j\u00e1 aderiam ao Simples Nacional.<\/p>\n<p><span style=\"letter-spacing: -0.02em; line-height: 1.45em; background-color: initial;\">A semana \u00e9 desenvolvida atrav\u00e9s de uma parceria entre o escrit\u00f3rio local do o Servi\u00e7o Brasileiro de Apoio \u00e0s Micro e Pequenas Empresas (Sebrae) e a Secretaria Municipal de Ind\u00fastria e Com\u00e9rcio. &ldquo;&Eacute; uma semana dedicada ao Microempreendedor Individual, com a intensifica\u00e7\u00e3o dos servi\u00e7os, abrangendo treinamentos, oficinas, consultorias espec\u00edficas e orienta\u00e7\u00f5es para a formaliza\u00e7\u00e3o das empresas&rdquo;, cita o secret\u00e1rio da pasta La\u00e9rcio Beani Costa, que tamb\u00e9m \u00e9 presidente do Comit\u00ea Gestor Municipal das Micro e Pequenas Empresas.<\/span><\/p>\n<p>Os servi\u00e7os de formaliza\u00e7\u00e3o do empreendimento, regulariza\u00e7\u00e3o da declara\u00e7\u00e3o anual e altera\u00e7\u00e3o de dados cadastrais, entre outros, est\u00e3o dispon\u00edveis na Sala do Empreendedor, localizada ao lado da Prefeitura. &ldquo;A formaliza\u00e7\u00e3o traz benef\u00edcios tanto para o Munic\u00edpio como para os empreendedores. A pessoa que est\u00e1 na informalidade e que fatura at\u00e9 R$ 60 mil ao ano pode virar um Microempreendedor Individual. Com isso, garante direito \u00e0 aposentadoria, aux\u00edlio-doen\u00e7a e licen\u00e7a maternidade, al\u00e9m de ganhar mais oportunidades de melhorar seu neg\u00f3cio e de prosperar, pois ter\u00e1 acesso facilitado ao cr\u00e9dito&rdquo;, ressalta.<\/p>\n<p>Conforme Costa, a ades\u00e3o ao Microempreendedor Individual (MEI) garante registro no Cadastro Nacional de Pessoas Jur\u00eddicas (CNPJ), o que facilita a abertura de conta banc\u00e1ria, pedido de empr\u00e9stimos e a emiss\u00e3o de notas fiscais. As \u00fanicas despesas previstas no MEI s\u00e3o o pagamento mensal de um imposto \u00fanico e das taxas municipais e estaduais, como alvar\u00e1 de licen\u00e7a e, dependendo da atividade, taxa de preven\u00e7\u00e3o a inc\u00eandio.<\/p>\n<p>O secret\u00e1rio tamb\u00e9m fez um balan\u00e7o das atividadesnos primeiros tr\u00eas meses do ano na Sala do Empreendedor. &ldquo;Foram feitos 637 atendimentos, dos quais 392 declara\u00e7\u00f5es do MEI, 61 formaliza\u00e7\u00f5es de MEI, 60 impress\u00f5es de boleto e libera\u00e7\u00e3o de linhas de cr\u00e9dito no valor de quase R$ 100 mil, al\u00e9m de pedidos de informa\u00e7\u00f5es, solicita\u00e7\u00e3o de alvar\u00e1s e de altera\u00e7\u00e3o de dados, entre outros servi\u00e7os&rdquo;, relata Costa. <\/p>\n<p>Os treinamentos da semana &#8211; Sei Controlar Meu Dinheiro, Sei Comprar e Sei Vender &#8211; ocorrem no polo da UAB (<i>Universidade Aberta do Brasil<\/i>), situada na Pra\u00e7a Rui Barbosa. J\u00e1 as consultorias espec\u00edficas do Sebrae &#8211; de marketing, finan\u00e7as, planejamento estrat\u00e9gico e recursos humanos &ndash; acontecem numa sala cedida pela Secretaria Municipal de Ind\u00fastria e Com\u00e9rcio, em pr\u00e9dio localizado ao lado da Prefeitura (Rua Lapa). &ldquo;Al\u00e9m disso, haver\u00e1 no dia 16 duas oficinas na sede do Sebrae: uma sobre marcas e patentes, das 8 \u00e0s 12 horas, e outra sobre res\u00edduos s\u00f3lidos, no per\u00edodo das 19 \u00e0s 23 horas&rdquo;, afirma Beatriz Poletto, consultora do Sebrae, lembrando que a sede do escrit\u00f3rio fica na Avenida Irati (em frente ao Complexo Esportivo Lago\u00e3o).<\/p>\n<p>Beatriz afirma que Apucarana tem cerca de 3 mil microempreendedores e a intensifica\u00e7\u00e3o do servi\u00e7o \u00e9 uma oportunidade para as empresas buscarem solu\u00e7\u00f5es, visando a melhoria da gest\u00e3o dos neg\u00f3cios. &ldquo;Ofertamos v\u00e1rios servi\u00e7os e produtos, buscando o fortalecimento das empresas. Nosso objetivo \u00e9 que elas cres\u00e7am, aumentem o faturamento anual e com o tempo mudem para outro regime de tributa\u00e7\u00e3o&rdquo;, refor\u00e7a a consultora do Sebrae. <\/p>\n<p>A cabeleireira Helena Jacintho de Carvalho esteve nesta ter\u00e7a-feira (14\/04) na Sala do Empreendedor e foi atendida por Leandro Damin, gerente do espa\u00e7o. &ldquo;Fizemos para ela a declara\u00e7\u00e3o anual do MEI, imprimimos os boletos em atraso do Documento de Arrecada\u00e7\u00e3o do Simples Nacional e a atualiza\u00e7\u00e3o do endere\u00e7o. No mesmo atendimento e buscando evitar deslocamentos, j\u00e1 solicitamos online a vitoria do Corpo de Bombeiros, j\u00e1 que ela est\u00e1 mudando para uma sala comercial maior&rdquo;, observa Leandro Damin.<\/p>\n<p><\/p>\n","protected":false},"excerpt":{"rendered":"<p>Servi&ccedil;os abrangem treinamentos, oficinas, consultorias espec&iacute;ficas e orienta&ccedil;&otilde;es para a formaliza&ccedil;&atilde;o das empresas<\/p>\n","protected":false},"author":4,"featured_media":0,"comment_status":"closed","ping_status":"closed","sticky":false,"template":"","format":"standard","meta":{"footnotes":""},"categories":[24],"tags":[],"class_list":["post-2743","post","type-post","status-publish","format-standard","hentry","category-noticias"],"acf":[],"_links":{"self":[{"href":"http:\/\/www.apucarana.pr.gov.br\/site\/wp-json\/wp\/v2\/posts\/2743","targetHints":{"allow":["GET"]}}],"collection":[{"href":"http:\/\/www.apucarana.pr.gov.br\/site\/wp-json\/wp\/v2\/posts"}],"about":[{"href":"http:\/\/www.apucarana.pr.gov.br\/site\/wp-json\/wp\/v2\/types\/post"}],"author":[{"embeddable":true,"href":"http:\/\/www.apucarana.pr.gov.br\/site\/wp-json\/wp\/v2\/users\/4"}],"replies":[{"embeddable":true,"href":"http:\/\/www.apucarana.pr.gov.br\/site\/wp-json\/wp\/v2\/comments?post=2743"}],"version-history":[{"count":1,"href":"http:\/\/www.apucarana.pr.gov.br\/site\/wp-json\/wp\/v2\/posts\/2743\/revisions"}],"predecessor-version":[{"id":104136,"href":"http:\/\/www.apucarana.pr.gov.br\/site\/wp-json\/wp\/v2\/posts\/2743\/revisions\/104136"}],"wp:attachment":[{"href":"http:\/\/www.apucarana.pr.gov.br\/site\/wp-json\/wp\/v2\/media?parent=2743"}],"wp:term":[{"taxonomy":"category","embeddable":true,"href":"http:\/\/www.apucarana.pr.gov.br\/site\/wp-json\/wp\/v2\/categories?post=2743"},{"taxonomy":"post_tag","embeddable":true,"href":"http:\/\/www.apucarana.pr.gov.br\/site\/wp-json\/wp\/v2\/tags?post=2743"}],"curies":[{"name":"wp","href":"https:\/\/api.w.org\/{rel}","templated":true}]}}