{"id":2742,"date":"2015-04-13T16:57:59","date_gmt":"2015-04-13T16:57:59","guid":{"rendered":"http:\/\/172.16.0.7\/site-antigo\/?p=2742"},"modified":"2024-10-08T09:10:13","modified_gmt":"2024-10-08T12:10:13","slug":"prefeito-beto-preto-recebe-vereadores-do-rio-bom-e-confirma-recuperacao-de-estrada","status":"publish","type":"post","link":"http:\/\/www.apucarana.pr.gov.br\/site\/prefeito-beto-preto-recebe-vereadores-do-rio-bom-e-confirma-recuperacao-de-estrada\/","title":{"rendered":"Prefeito Beto Preto recebe vereadores do Rio Bom e confirma recupera\u00e7\u00e3o de estrada"},"content":{"rendered":"<p><p><span style=\"letter-spacing: -0.02em; line-height: 1.45em; background-color: initial;\">Cinco vereadores do Rio Bom foram recebidos hoje (13) pelo prefeito Beto Preto e seu vice J\u00fanior Femac para tratar do asfalto da estrada que liga Apucarana \u00e0quele munic\u00edpio. O grupo solicitou o servi\u00e7o de recupera\u00e7\u00e3o da pavimenta\u00e7\u00e3o do trecho de 19 quil&ocirc;metros que est\u00e1 dentro do limites do munic\u00edpio de Apucarana.<\/span><\/p>\n<p>Beto Preto afirmou que continuar\u00e1 mantendo o compromisso assumido do in\u00edcio da sua administra\u00e7\u00e3o com o mesmo grupo de vereadores e ir\u00e1 pelo terceiro ano consecutivo realizar a recupera\u00e7\u00e3o geral da estrada. Al\u00e9m do servi\u00e7o de tapa buracos, ser\u00e1 feito recape em alguns trechos e instala\u00e7\u00e3o de sinaliza\u00e7\u00e3o nas curvas. <\/p>\n<p>A prefeitura de Apucarana j\u00e1 realizou em 2013 e 2014, sempre em abril, m\u00eas da Festa de Rio Bom, a recupera\u00e7\u00e3o geral da estrada. &ldquo;Neste ano n\u00e3o haver\u00e1 a festa do munic\u00edpio, mas vamos manter nosso compromisso e executar o servi\u00e7o a pedido dos vereadores aqui presentes. As obras, inclusive, j\u00e1 come\u00e7aram&rdquo;, observou Beto Preto. <\/p>\n<p>O presidente da C&acirc;mara de vereadores do Rio Bom, &Ecirc;nio Jos\u00e9 dos Santos (PMDB), mostrou-se satisfeito com o resultado do encontro. &ldquo;O prefeito Beto Preto prometeu no come\u00e7o da sua administra\u00e7\u00e3o e vem cumprindo. Est\u00e1 cuidando do trecho da Estrada do Rio que est\u00e1 dentro do seu munic\u00edpio. &Eacute; uma grande ajuda que ele d\u00e1 a popula\u00e7\u00e3o do Rio Bom que necessita, em muitos casos diariamente, usar essa estrada&rdquo;, avalia &Ecirc;nio dos Santos, que visitou Beto Preto acompanhado dos vereadores Gieverson Jos\u00e9 Rodrigues (PT), Ricardo Mechert (PT), Gen\u00e9sio Norbiato (PSD) e da vereadora Patr\u00edcia Maria Deretti (PT).<\/p>\n<p><\/p>\n","protected":false},"excerpt":{"rendered":"<p>Prefeitura de Apucarana ir&aacute; recuperar pelo terceiro ano consecutivo 19 quil&ocirc;metros da via rural <\/p>\n","protected":false},"author":4,"featured_media":0,"comment_status":"closed","ping_status":"closed","sticky":false,"template":"","format":"standard","meta":{"footnotes":""},"categories":[24],"tags":[],"class_list":["post-2742","post","type-post","status-publish","format-standard","hentry","category-noticias"],"acf":[],"_links":{"self":[{"href":"http:\/\/www.apucarana.pr.gov.br\/site\/wp-json\/wp\/v2\/posts\/2742","targetHints":{"allow":["GET"]}}],"collection":[{"href":"http:\/\/www.apucarana.pr.gov.br\/site\/wp-json\/wp\/v2\/posts"}],"about":[{"href":"http:\/\/www.apucarana.pr.gov.br\/site\/wp-json\/wp\/v2\/types\/post"}],"author":[{"embeddable":true,"href":"http:\/\/www.apucarana.pr.gov.br\/site\/wp-json\/wp\/v2\/users\/4"}],"replies":[{"embeddable":true,"href":"http:\/\/www.apucarana.pr.gov.br\/site\/wp-json\/wp\/v2\/comments?post=2742"}],"version-history":[{"count":1,"href":"http:\/\/www.apucarana.pr.gov.br\/site\/wp-json\/wp\/v2\/posts\/2742\/revisions"}],"predecessor-version":[{"id":104140,"href":"http:\/\/www.apucarana.pr.gov.br\/site\/wp-json\/wp\/v2\/posts\/2742\/revisions\/104140"}],"wp:attachment":[{"href":"http:\/\/www.apucarana.pr.gov.br\/site\/wp-json\/wp\/v2\/media?parent=2742"}],"wp:term":[{"taxonomy":"category","embeddable":true,"href":"http:\/\/www.apucarana.pr.gov.br\/site\/wp-json\/wp\/v2\/categories?post=2742"},{"taxonomy":"post_tag","embeddable":true,"href":"http:\/\/www.apucarana.pr.gov.br\/site\/wp-json\/wp\/v2\/tags?post=2742"}],"curies":[{"name":"wp","href":"https:\/\/api.w.org\/{rel}","templated":true}]}}