{"id":2741,"date":"2015-04-13T17:48:00","date_gmt":"2015-04-13T17:48:00","guid":{"rendered":"http:\/\/172.16.0.7\/site-antigo\/?p=2741"},"modified":"2024-10-08T09:10:13","modified_gmt":"2024-10-08T12:10:13","slug":"autarquia-municipal-de-educacao-realiza-entrega-de-uniformes-escolares","status":"publish","type":"post","link":"http:\/\/www.apucarana.pr.gov.br\/site\/autarquia-municipal-de-educacao-realiza-entrega-de-uniformes-escolares\/","title":{"rendered":"Autarquia Municipal de Educa\u00e7\u00e3o realiza entrega de uniformes escolares"},"content":{"rendered":"<p><p>A Autarquia Municipal de Educa\u00e7\u00e3o iniciou essa semana a distribui\u00e7\u00e3o dos novos uniformes escolares para os alunos da sua rede. A entrega simb\u00f3lica, com a presen\u00e7a do prefeito Beto Preto e da secret\u00e1ria da pasta Marli Fernandes, foi realizada hoje (13\/04) em quatro unidades de ensino: Escola Jos\u00e9 Id\u00e9sio Brianezi (N\u00facleo Jo\u00e3o Paulo), Escola Professor Alcides Ramos (N\u00facleo Osmar Guaracy Freire), Escola Jo\u00e3o Batista (Vila Vit\u00f3ria R\u00e9gia) e Escola Professor Idalice Moreira Prates (Parque Bela Vista). <\/p>\n<p>Aproximadamente 8 mil estudantes apucaranenses est\u00e3o sendo contemplados com o vestu\u00e1rio. &ldquo;Esse ano a oferta foi ampliada tamb\u00e9m para a educa\u00e7\u00e3o infantil e abranger\u00e1 as crian\u00e7as a partir dos quatro anos. Cada aluno levar\u00e1 para casa um kit contendo duas camisetas de manga curta, uma camiseta de manga longa, um bon\u00e9, uma cal\u00e7a, uma jaqueta e uma bermuda&rdquo;, detalhou professora Marli.<\/p>\n<p>O investimento da AME foi da ordem de R$ 820.214,06, com recursos pr\u00f3prios da educa\u00e7\u00e3o. &ldquo;O repasse dos uniformes escolares por parte da administra\u00e7\u00e3o \u00e9 um compromisso que assumi durante a campanha eleitoral e que vem sendo efetivado desde o ano passado. Mas agora a qualidade das pe\u00e7as melhorou, feitas com materiais como a poliamida, a helanca e o algod\u00e3o. As camisetas, al\u00e9m disso, levam o bras\u00e3o do munic\u00edpio bordado no peito e deixaram de ter aquela faixa azul central&rdquo;, completou o prefeito.<\/p>\n<p>Os pais e av\u00f3s de alunos presentes nos atos, por sua vez, destacaram a economia que a distribui\u00e7\u00e3o do vestu\u00e1rio implicar\u00e1 no or\u00e7amento das fam\u00edlias. &ldquo;Eu tenho uma neta matriculada na escola Jo\u00e3o Batista e n\u00e3o tinha condi\u00e7\u00f5es de comprar o uniforme para ela. Eu moro com minhas duas filhas e a minha neta, ou seja, somos apenas mulheres em casa e \u00e9 dif\u00edcil manter. Eu agrade\u00e7o \u00e0 prefeitura por dar o material escolar e o uniforme que \u00e9 muito bonito&rdquo;, disse Maria Aparecida dos Santos.<\/p>\n<p>Morador h\u00e1 22 anos do N\u00facleo Osmar Guaracy Freire, Ant&ocirc;nio Carlos Nazato acrescenta que investimentos como esse nunca ocorreram em gest\u00f5es anteriores. &ldquo;Meus tr\u00eas filhos estudaram na Escola Professor Alcides Ramos e agora meus netos est\u00e3o matriculados aqui. Eu nunca tinha visto todas as crian\u00e7as recebendo os seus uniformes, que por sinal s\u00e3o de excelente qualidade e devem durar at\u00e9 o final do ano&rdquo;, alegrou-se. <\/p>\n<p>O repasse dos uniformes escolares come\u00e7ou nesta segunda-feira e deve prosseguir ao longo da semana, at\u00e9 agraciar a todos os estudantes das 37 escolas da rede municipal.<\/p>\n<p><\/p>\n","protected":false},"excerpt":{"rendered":"<p>Aproximadamente 8 mil estudantes apucaranenses est&atilde;o sendo contemplados com o vestu&aacute;rio. O investimento da AME foi da ordem de R$ 820.214,06.<\/p>\n","protected":false},"author":4,"featured_media":0,"comment_status":"closed","ping_status":"closed","sticky":false,"template":"","format":"standard","meta":{"footnotes":""},"categories":[24],"tags":[],"class_list":["post-2741","post","type-post","status-publish","format-standard","hentry","category-noticias"],"acf":[],"_links":{"self":[{"href":"http:\/\/www.apucarana.pr.gov.br\/site\/wp-json\/wp\/v2\/posts\/2741","targetHints":{"allow":["GET"]}}],"collection":[{"href":"http:\/\/www.apucarana.pr.gov.br\/site\/wp-json\/wp\/v2\/posts"}],"about":[{"href":"http:\/\/www.apucarana.pr.gov.br\/site\/wp-json\/wp\/v2\/types\/post"}],"author":[{"embeddable":true,"href":"http:\/\/www.apucarana.pr.gov.br\/site\/wp-json\/wp\/v2\/users\/4"}],"replies":[{"embeddable":true,"href":"http:\/\/www.apucarana.pr.gov.br\/site\/wp-json\/wp\/v2\/comments?post=2741"}],"version-history":[{"count":1,"href":"http:\/\/www.apucarana.pr.gov.br\/site\/wp-json\/wp\/v2\/posts\/2741\/revisions"}],"predecessor-version":[{"id":104137,"href":"http:\/\/www.apucarana.pr.gov.br\/site\/wp-json\/wp\/v2\/posts\/2741\/revisions\/104137"}],"wp:attachment":[{"href":"http:\/\/www.apucarana.pr.gov.br\/site\/wp-json\/wp\/v2\/media?parent=2741"}],"wp:term":[{"taxonomy":"category","embeddable":true,"href":"http:\/\/www.apucarana.pr.gov.br\/site\/wp-json\/wp\/v2\/categories?post=2741"},{"taxonomy":"post_tag","embeddable":true,"href":"http:\/\/www.apucarana.pr.gov.br\/site\/wp-json\/wp\/v2\/tags?post=2741"}],"curies":[{"name":"wp","href":"https:\/\/api.w.org\/{rel}","templated":true}]}}