{"id":2739,"date":"2015-04-13T17:23:00","date_gmt":"2015-04-13T17:23:00","guid":{"rendered":"http:\/\/172.16.0.7\/site-antigo\/?p=2739"},"modified":"2024-10-08T09:10:13","modified_gmt":"2024-10-08T12:10:13","slug":"prefeitura-prepara-parque-para-festa-de-santo-expedito","status":"publish","type":"post","link":"http:\/\/www.apucarana.pr.gov.br\/site\/prefeitura-prepara-parque-para-festa-de-santo-expedito\/","title":{"rendered":"Prefeitura prepara parque para Festa de Santo Expedito"},"content":{"rendered":"<p><p><span style=\"letter-spacing: -0.02em; line-height: 1.45em; background-color: initial;\">Com a expectativa de receber cerca de 10 mil fi\u00e9is ao longo de todo o dia, Apucarana realiza neste domingo (19\/04) a 11\u00aa Festa Nacional de Santo Expedito. O festejo \u00e9 uma promo\u00e7\u00e3o da Par\u00f3quia Nossa Senhora Aparecida, em parceria com a Secretaria Municipal da Promo\u00e7\u00e3o Art\u00edstica, Cultural e Tur\u00edstica (Promatur), e acontece no parque ecol\u00f3gico que recebe o mesmo nome da santidade, localizado no Bairro da Igrejinha.<br \/><\/span><span style=\"letter-spacing: -0.02em; line-height: 1.45em; background-color: initial;\"><br \/>Al\u00e9m de Apucarana, a festa atrai caravanas de devotos das cidades da regi\u00e3o e at\u00e9 de outros estados. &ldquo;E para deixar o local ainda melhor preparado para receber aqueles que v\u00eam em busca de gra\u00e7as ou agradecimento por t\u00ea-las alcan\u00e7ado, a prefeitura iniciou nesta segunda-feira um mutir\u00e3o que envolve trabalhos de limpeza e ro\u00e7agem, poda de \u00e1rvores, ilumina\u00e7\u00e3o p\u00fablica, tapa-buraco e melhoria da sinaliza\u00e7\u00e3o vi\u00e1ria&rdquo;, informa o prefeito Beto Preto (PT).<br \/><\/span><span style=\"letter-spacing: -0.02em; line-height: 1.45em; background-color: initial;\"><br \/>O secret\u00e1rio Municipal de Servi\u00e7os P\u00fablicos, Jaime Gon\u00e7alves, destaca que os trabalhos devem ser conclu\u00eddos at\u00e9 quinta-feira. &ldquo;Estamos com uma equipe grande no local, pois na sexta tudo tem que estar em ordem para a estrutura\u00e7\u00e3o dos festejos, com a montagem do palco, barracas da feira de artesanato, pra\u00e7a de alimenta\u00e7\u00e3o, entre outros&rdquo;, detalha Gon\u00e7alves. Al\u00e9m de deixar o parque em ordem, para a realiza\u00e7\u00e3o da festa a Prefeitura de Apucarana tamb\u00e9m \u00e9 respons\u00e1vel pela divulga\u00e7\u00e3o, montagem da estrutura com disponibiliza\u00e7\u00e3o de banheiros qu\u00edmicos, palco e ilumina\u00e7\u00e3o.<br \/><\/span><span style=\"letter-spacing: -0.02em; line-height: 1.45em; background-color: initial;\"><br \/>De acordo com o padre Domingos S\u00e1vio Lazarin, da Par\u00f3quia Nossa Senhora Aparecida, a programa\u00e7\u00e3o come\u00e7a \u00e0s 8 horas, quando ser\u00e1 celebrada uma missa no anfiteatro do parque. Depois, ao longo do dia haver\u00e1 ora\u00e7\u00f5es de hora em hora e barracas que ser\u00e3o mantidas pela Associa\u00e7\u00e3o dos Ambulantes de Apucarana, abrangendo pra\u00e7a de alimenta\u00e7\u00e3o, artesanato e comercializa\u00e7\u00e3o de \u00edcones religiosos dedicados a Santo Expedito.<br \/><\/span><span style=\"letter-spacing: -0.02em; line-height: 1.45em; background-color: initial;\"><br \/>O ponto alto da programa\u00e7\u00e3o ser\u00e1 \u00e0s 17 horas, quando ocorre uma santa missa na parte baixa do parque. &ldquo;Esperamos a presen\u00e7a de 3 e 4 mil fi\u00e9is somente na celebra\u00e7\u00e3o das 17 horas. Por cair num domingo, antecipamos o hor\u00e1rio da missa, com o objetivo de que as pessoas que v\u00eam em caravanas durante o dia possam tamb\u00e9m participar da celebra\u00e7\u00e3o, dando tempo para fazer o retorno com tranquilidade&rdquo;, explica o padre S\u00e1vio.<br \/><\/span><span style=\"letter-spacing: -0.02em; line-height: 1.45em; background-color: initial;\"><br \/>A festa ser\u00e1 encerrada com um show musical de C\u00e9lio Jos\u00e9, cantor leigo que trabalha no Santu\u00e1rio de Santa Rita de C\u00e1ssia, em Lunardelli. &ldquo;Na sequ\u00eancia, tamb\u00e9m haver\u00e1 um bel\u00edssimo show pirot\u00e9cnico, fechando a programa\u00e7\u00e3o. Esperamos caravanas de v\u00e1rias partes do Estado, pois a data, um domingo, favorece muito. Ser\u00e1 um dia especial, num ambiente agrad\u00e1vel, onde os devotos v\u00e3o fazer pedidos, ora\u00e7\u00f5es e agradecer pelas gra\u00e7as alcan\u00e7adas&rdquo;, finaliza M\u00e1rio Felipe, coordenador municipal de turismo religioso.<br \/><\/span><span style=\"letter-spacing: -0.02em; line-height: 1.45em; background-color: initial;\"><br \/>O Parque Ecol\u00f3gico Santo Expedito fica na Rua Pedro Menegazzo, s\/n. Mais informa\u00e7\u00f5es na Promatur pelo 3423-2944.<\/span><\/p>\n<p><\/p>\n","protected":false},"excerpt":{"rendered":"<p>Al&eacute;m de Apucarana, a festa atrai caravanas de devotos das cidades da regi&atilde;o e at&eacute; de outros estados<\/p>\n","protected":false},"author":4,"featured_media":0,"comment_status":"closed","ping_status":"closed","sticky":false,"template":"","format":"standard","meta":{"footnotes":""},"categories":[24],"tags":[],"class_list":["post-2739","post","type-post","status-publish","format-standard","hentry","category-noticias"],"acf":[],"_links":{"self":[{"href":"http:\/\/www.apucarana.pr.gov.br\/site\/wp-json\/wp\/v2\/posts\/2739","targetHints":{"allow":["GET"]}}],"collection":[{"href":"http:\/\/www.apucarana.pr.gov.br\/site\/wp-json\/wp\/v2\/posts"}],"about":[{"href":"http:\/\/www.apucarana.pr.gov.br\/site\/wp-json\/wp\/v2\/types\/post"}],"author":[{"embeddable":true,"href":"http:\/\/www.apucarana.pr.gov.br\/site\/wp-json\/wp\/v2\/users\/4"}],"replies":[{"embeddable":true,"href":"http:\/\/www.apucarana.pr.gov.br\/site\/wp-json\/wp\/v2\/comments?post=2739"}],"version-history":[{"count":1,"href":"http:\/\/www.apucarana.pr.gov.br\/site\/wp-json\/wp\/v2\/posts\/2739\/revisions"}],"predecessor-version":[{"id":104139,"href":"http:\/\/www.apucarana.pr.gov.br\/site\/wp-json\/wp\/v2\/posts\/2739\/revisions\/104139"}],"wp:attachment":[{"href":"http:\/\/www.apucarana.pr.gov.br\/site\/wp-json\/wp\/v2\/media?parent=2739"}],"wp:term":[{"taxonomy":"category","embeddable":true,"href":"http:\/\/www.apucarana.pr.gov.br\/site\/wp-json\/wp\/v2\/categories?post=2739"},{"taxonomy":"post_tag","embeddable":true,"href":"http:\/\/www.apucarana.pr.gov.br\/site\/wp-json\/wp\/v2\/tags?post=2739"}],"curies":[{"name":"wp","href":"https:\/\/api.w.org\/{rel}","templated":true}]}}