{"id":2738,"date":"2015-04-13T16:57:59","date_gmt":"2015-04-13T16:57:59","guid":{"rendered":"http:\/\/172.16.0.7\/site-antigo\/?p=2738"},"modified":"2024-10-08T09:10:13","modified_gmt":"2024-10-08T12:10:13","slug":"secretario-meio-ambiente-de-apucarana-e-palestrante-de-seminario-em-brasilia","status":"publish","type":"post","link":"http:\/\/www.apucarana.pr.gov.br\/site\/secretario-meio-ambiente-de-apucarana-e-palestrante-de-seminario-em-brasilia\/","title":{"rendered":"Secret\u00e1rio Meio Ambiente de Apucarana \u00e9 palestrante de Semin\u00e1rio em Bras\u00edlia"},"content":{"rendered":"<p><p><span style=\"letter-spacing: -0.02em; line-height: 1.45em; background-color: initial;\">Convidado pelo Minist\u00e9rio do Meio Ambiente, o secret\u00e1rio municipal do Meio Ambiente de Apucarana, Ewerton Pires, participou hoje (13) como palestrante do Semin\u00e1rio &ldquo;Instrumentos Econ&ocirc;micos nas Pol\u00edticas Ambientais: Experi\u00eancias Brasileiras&rdquo;, realizado em Bras\u00edlia. Ewerton abordou o tema &ldquo;Pagamentos por Servi\u00e7os Ambientais&rdquo;, falando sobre aspectos positivos e pontos falhos da experi\u00eancia de Apucarana com o Projeto O\u00e1sis.<\/span><\/p>\n<p>Como complemento da sua fala, Pires apresentou o novo Projeto de Pagamento por Servi\u00e7os Ambientais, o TERRA FORTE: Produtor de &Aacute;gua, que est\u00e1 sendo desenvolvido atualmente junto aos produtores rurais.<\/p>\n<p>&ldquo;Nesse novo projeto, propomos uma maior universaliza\u00e7\u00e3o do acesso aos recursos, atingindo um n\u00famero maior de produtores, pautando os procedimentos de sele\u00e7\u00e3o e acompanhamento em bases t\u00e9cnicas, em conformidade com a atual legisla\u00e7\u00e3o ambiental (Novo C\u00f3digo Florestal)&rdquo;, explica o secret\u00e1rio.<\/p>\n<p>Durante o debate promovido durante o semin\u00e1rio, Pires destacou a import&acirc;ncia de se estabelecer crit\u00e9rios t\u00e9cnicos de valora\u00e7\u00e3o das pr\u00e1ticas conservacionistas na propriedade, promovendo ganhos ambientais significativos, e n\u00e3o utilizando o projeto como um instrumento apenas pol\u00edtico. O secret\u00e1rio apresentou ainda o Projeto TERRA FORTE: Conserva\u00e7\u00e3o. &ldquo;Nesse projeto, daremos apoio t\u00e9cnico aos propriet\u00e1rios rurais que desejarem criar Unidades de Conserva\u00e7\u00e3o, na modalidade Reservas Particulares do Patrim&ocirc;nio Natural (RPPNs), o que resultar\u00e1 em aumento da \u00e1rea preservada em Apucarana, bem como o aumento dos repasses do ICMS Ecol\u00f3gico. Parte da arrecada\u00e7\u00e3o do ICMS Ecol\u00f3gico ser\u00e1 repassada aos propriet\u00e1rios rurais participantes&rdquo;, detalha.<\/p>\n<p>O prefeito Beto Preto destaca a qualifica\u00e7\u00e3o do atual secret\u00e1rio do meio ambiente em sua gest\u00e3o. &ldquo;Apucarana agora tem um profissional com reconhecimento no meio cient\u00edfico \u00e0 frente desta pasta. Os resultados j\u00e1 est\u00e3o aparecendo e toda popula\u00e7\u00e3o s\u00f3 tem a ganhar com isso&rdquo;, afirma Beto Preto.<\/p>\n<p>  Ge\u00f3grafo, formado pela Universidade Estadual de Londrina, em 2005, Ewerton Pires \u00e9 mestre em Geografia, Meio Ambiente e Desenvolvimento (UEL\/2008). &Eacute; especialista em Direito Ambiental (UNOPAR\/2011). Atualmente cursa especializa\u00e7\u00e3o em Engenharia Ambiental e doutorado em Geografia (UEL). Ewerton \u00e9 professor universit\u00e1rio desde 2007 (UEL, FAP, UNOPAR, FACNOPAR), ministrando aulas na tem\u00e1tica ambiental para cursos de gradua\u00e7\u00e3o e p\u00f3s-gradua\u00e7\u00e3o. &ldquo;Minhas pesquisas acad\u00eamicas versam sobre planejamento urbano-ambiental, an\u00e1lise e gest\u00e3o ambiental, interrela\u00e7\u00f5es entre meio ambiente e sa\u00fade&rdquo;, observa.<\/p>\n","protected":false},"excerpt":{"rendered":"<p>Ewerton Pires apresentou experi&ecirc;ncias do munic&iacute;pio na &aacute;rea ambiental <\/p>\n","protected":false},"author":4,"featured_media":0,"comment_status":"closed","ping_status":"closed","sticky":false,"template":"","format":"standard","meta":{"footnotes":""},"categories":[24],"tags":[],"class_list":["post-2738","post","type-post","status-publish","format-standard","hentry","category-noticias"],"acf":[],"_links":{"self":[{"href":"http:\/\/www.apucarana.pr.gov.br\/site\/wp-json\/wp\/v2\/posts\/2738","targetHints":{"allow":["GET"]}}],"collection":[{"href":"http:\/\/www.apucarana.pr.gov.br\/site\/wp-json\/wp\/v2\/posts"}],"about":[{"href":"http:\/\/www.apucarana.pr.gov.br\/site\/wp-json\/wp\/v2\/types\/post"}],"author":[{"embeddable":true,"href":"http:\/\/www.apucarana.pr.gov.br\/site\/wp-json\/wp\/v2\/users\/4"}],"replies":[{"embeddable":true,"href":"http:\/\/www.apucarana.pr.gov.br\/site\/wp-json\/wp\/v2\/comments?post=2738"}],"version-history":[{"count":1,"href":"http:\/\/www.apucarana.pr.gov.br\/site\/wp-json\/wp\/v2\/posts\/2738\/revisions"}],"predecessor-version":[{"id":104141,"href":"http:\/\/www.apucarana.pr.gov.br\/site\/wp-json\/wp\/v2\/posts\/2738\/revisions\/104141"}],"wp:attachment":[{"href":"http:\/\/www.apucarana.pr.gov.br\/site\/wp-json\/wp\/v2\/media?parent=2738"}],"wp:term":[{"taxonomy":"category","embeddable":true,"href":"http:\/\/www.apucarana.pr.gov.br\/site\/wp-json\/wp\/v2\/categories?post=2738"},{"taxonomy":"post_tag","embeddable":true,"href":"http:\/\/www.apucarana.pr.gov.br\/site\/wp-json\/wp\/v2\/tags?post=2738"}],"curies":[{"name":"wp","href":"https:\/\/api.w.org\/{rel}","templated":true}]}}