{"id":2737,"date":"2015-04-12T08:39:59","date_gmt":"2015-04-12T08:39:59","guid":{"rendered":"http:\/\/172.16.0.7\/site-antigo\/?p=2737"},"modified":"2024-10-08T09:10:13","modified_gmt":"2024-10-08T12:10:13","slug":"comunidade-faz-limpeza-no-residencial-interlagos","status":"publish","type":"post","link":"http:\/\/www.apucarana.pr.gov.br\/site\/comunidade-faz-limpeza-no-residencial-interlagos\/","title":{"rendered":"Comunidade faz limpeza no Residencial Interlagos"},"content":{"rendered":"<p><h2><span style=\"color: rgb(51, 51, 51); font-family: Arial, Helvetica, Verdana, Tahoma, sans-serif; font-size: 15px; letter-spacing: -0.02em; line-height: 1.45em; background-color: initial;\">Um mutir\u00e3o neste s\u00e1bado fez limpeza em ruas e removeu materiais inserv\u00edveis de moradores do Residencial Interlagos. O trabalho foi organizado pela Associa\u00e7\u00e3o de Moradores e contou com o apoio da Prefeitura Municipal de Apucarana.<br \/><\/span><span style=\"color: rgb(51, 51, 51); font-family: Arial, Helvetica, Verdana, Tahoma, sans-serif; font-size: 15px; letter-spacing: -0.02em; line-height: 1.45em; background-color: initial;\"><br \/>Apesar da ades\u00e3o de moradores n\u00e3o ter sido grande um grupo, que incluiu crian\u00e7as, filhos dos volunt\u00e1rios, retirou lixo e limpou a beirada do meio-fio em algumas quadras. Funcion\u00e1rios da Secretaria de Servi\u00e7os P\u00fablicos utilizando dois tratores e caminh\u00f5es retiraram toneladas de entulho e lixo de terrenos vazios. &ldquo;O maior sujeira aqui no bairro \u00e9 provocado pelos donos destes terrenos abandonados, e que est\u00e3o cheios de mato. Para piorar infelizmente algumas pessoas jogam lixo e entulho de constru\u00e7\u00e3o. Falta conscientiza\u00e7\u00e3o&rdquo;, reclama a presidente da Associa\u00e7\u00e3o de Moradores, Elizabete de Souza.<br \/><\/span><span style=\"color: rgb(51, 51, 51); font-family: Arial, Helvetica, Verdana, Tahoma, sans-serif; font-size: 15px; letter-spacing: -0.02em; line-height: 1.45em; background-color: initial;\"><br \/>A inten\u00e7\u00e3o foi retirar o lixo espalhado e a remover materiais que acumulem \u00e1gua. &ldquo;Assim diminu\u00edmos focos do mosquito da dengue&rdquo;, lembra Elizabete de Souza.<br \/><\/span><span style=\"color: rgb(51, 51, 51); font-family: Arial, Helvetica, Verdana, Tahoma, sans-serif; font-size: 15px; letter-spacing: -0.02em; line-height: 1.45em; background-color: initial;\"><br \/>Acompanhado do vereador Luiz Magalh\u00e3es, o prefeito Beto Preto verificou o trabalho e enalteceu a iniciativa dos moradores ao decidir fazer a limpeza, em vez de esperar pelo poder p\u00fablico. &ldquo;Este \u00e9 um dos melhores bairros da cidade e, com a colabora\u00e7\u00e3o da comunidade as benfeitorias v\u00e3o acontecendo e avan\u00e7am mais&rdquo;, destaca o prefeito.<br \/><\/span><span style=\"color: rgb(51, 51, 51); font-family: Arial, Helvetica, Verdana, Tahoma, sans-serif; font-size: 15px; letter-spacing: -0.02em; line-height: 1.45em; background-color: initial;\"><br \/>Ele observou ainda que outras interven\u00e7\u00f5es est\u00e3o sendo feitas para o bairro, como o andamento da constru\u00e7\u00e3o de uma cal\u00e7ada na rua Cristiano Kussmaull, na entrada do Residencial. A via estreita obriga os pedestres a dividirem espa\u00e7o com ve\u00edculos. Recentemente duas pessoas foram atropeladas no local.<br \/><\/span><span style=\"color: rgb(51, 51, 51); font-family: Arial, Helvetica, Verdana, Tahoma, sans-serif; font-size: 15px; letter-spacing: -0.02em; line-height: 1.45em; background-color: initial;\"><br \/>Com a pouca participa\u00e7\u00e3o popular o mutir\u00e3o n\u00e3o chegou a todas as ruas neste bairro que tem cerca de dois mil lotes. Mas na pr\u00f3xima semana oper\u00e1rios da prefeitura devem dar continuidade na limpeza e ro\u00e7ar mato. &ldquo;Mas esperamos que cada morador ajude na remo\u00e7\u00e3o e n\u00e3o jogue mais lixo nos terrenos e n\u00e3o coloquem, tamb\u00e9m entulhos ou mesmo materiais de constru\u00e7\u00e3o&rdquo;, pede a presidente da Associa\u00e7\u00e3o de Moradores, Elizabete de Souza.<\/span><\/h2><\/p>\n","protected":false},"excerpt":{"rendered":"<p>O prefeito Beto Preto verificou o trabalho e enalteceu a iniciativa dos moradores ao decidir fazer a limpeza, em vez de esperar pelo poder p&uacute;blico<\/p>\n","protected":false},"author":4,"featured_media":0,"comment_status":"closed","ping_status":"closed","sticky":false,"template":"","format":"standard","meta":{"footnotes":""},"categories":[24],"tags":[],"class_list":["post-2737","post","type-post","status-publish","format-standard","hentry","category-noticias"],"acf":[],"_links":{"self":[{"href":"http:\/\/www.apucarana.pr.gov.br\/site\/wp-json\/wp\/v2\/posts\/2737","targetHints":{"allow":["GET"]}}],"collection":[{"href":"http:\/\/www.apucarana.pr.gov.br\/site\/wp-json\/wp\/v2\/posts"}],"about":[{"href":"http:\/\/www.apucarana.pr.gov.br\/site\/wp-json\/wp\/v2\/types\/post"}],"author":[{"embeddable":true,"href":"http:\/\/www.apucarana.pr.gov.br\/site\/wp-json\/wp\/v2\/users\/4"}],"replies":[{"embeddable":true,"href":"http:\/\/www.apucarana.pr.gov.br\/site\/wp-json\/wp\/v2\/comments?post=2737"}],"version-history":[{"count":1,"href":"http:\/\/www.apucarana.pr.gov.br\/site\/wp-json\/wp\/v2\/posts\/2737\/revisions"}],"predecessor-version":[{"id":104143,"href":"http:\/\/www.apucarana.pr.gov.br\/site\/wp-json\/wp\/v2\/posts\/2737\/revisions\/104143"}],"wp:attachment":[{"href":"http:\/\/www.apucarana.pr.gov.br\/site\/wp-json\/wp\/v2\/media?parent=2737"}],"wp:term":[{"taxonomy":"category","embeddable":true,"href":"http:\/\/www.apucarana.pr.gov.br\/site\/wp-json\/wp\/v2\/categories?post=2737"},{"taxonomy":"post_tag","embeddable":true,"href":"http:\/\/www.apucarana.pr.gov.br\/site\/wp-json\/wp\/v2\/tags?post=2737"}],"curies":[{"name":"wp","href":"https:\/\/api.w.org\/{rel}","templated":true}]}}