{"id":2736,"date":"2015-04-13T10:20:00","date_gmt":"2015-04-13T10:20:00","guid":{"rendered":"http:\/\/172.16.0.7\/site-antigo\/?p=2736"},"modified":"2024-10-08T09:10:13","modified_gmt":"2024-10-08T12:10:13","slug":"passeio-ciclistico-reune-familias-e-grupos-de-amigos","status":"publish","type":"post","link":"http:\/\/www.apucarana.pr.gov.br\/site\/passeio-ciclistico-reune-familias-e-grupos-de-amigos\/","title":{"rendered":"Passeio cicl\u00edstico re\u00fane fam\u00edlias e grupos de amigos"},"content":{"rendered":"<\/p>\n<p>Mais de 300 pessoas sa\u00edram \u00e0s ruas na manh\u00e3 de domingo para participar do Pedala Apucarana. Os participantes, entre os quais fam\u00edlias e grupos de amigos, sa\u00edram \u00e0s 9 horas da Pra\u00e7a Rui Barbosa e levaram cerca de uma hora para percorrer os seis quil&ocirc;metros do percurso. O passeio foi promovido pela Secretaria Municipal de Esportes e Lazer e Centro da Juventude, em parceria com a Associa\u00e7\u00e3o Comercial, Industrial e de Servi\u00e7os de Apucarana (Acia). <\/p>\n<p>O passeio contou com a presen\u00e7a do secret\u00e1rio municipal de Esportes e Lazer, Paulo Aparecido Kisner (Paul\u00e3o), e do presidente da Acia, Junior Serea, que participaram da pedalada junto com familiares. Paul\u00e3o afirma que, al\u00e9m de promover o encontro de fam\u00edlias e de amigos, o passeio cicl\u00edstico teve a participa\u00e7\u00e3o de equipes, como o Pedal Apucarana.<\/p>\n<p>Paul\u00e3o agradeceu o apoio de outras secretarias, como a Autarquia Municipal de Sa\u00fade que disponibilizou uma ambul&acirc;ncia e a Sanepar que forneceu a \u00e1gua distribu\u00edda aos participantes, al\u00e9m dos patrocinadores (Ana Bike, Bicicletaria Avenida, Atacad\u00e3o 2 Rodas, Dias Couro, Atacad\u00e3o do Suplemento, Sport Center, Atlhetic Sport, Supermercado Alvorada, Super Muffato e Rede de R\u00e1dios). <br \/> Ap\u00f3s a sa\u00edda, os ciclistas seguiram pela Rua Munhoz da Rocha at\u00e9 a Rua Osvaldo Cruz, onde pedalaram at\u00e9 as imedia\u00e7\u00f5es do Col\u00e9gio Mater Dei. A partir da Rua Talita Bresolin, o grupo seguiu at\u00e9 a Rua Professor Jo\u00e3o C&acirc;ndido Ferreira, pr\u00e9dio da antiga Paranamotor e depois retornarem \u00e0 pra\u00e7a central. &ldquo;O passeio reuniu um p\u00fablico de v\u00e1rias idades, por isto privilegiamos um circuito curto e de baixa dificuldade para que todos pudessem curtir a pedalada&rdquo;, pontua Paul\u00e3o.<\/p>\n<p>No t\u00e9rmino do passeio, houve o sorteio de diversos brindes envolvendo aqueles que preencheram os cupons, entre os quais duas bicicletas e capacetes. Os ganhadores das bicicletas foram Ana Paula Marques, moradora do Jardim Ponta Grossa, e Jo\u00e3o Guilherme, morador do Jardim S\u00e3o Pedro.<\/p>\n<p><\/p>\n","protected":false},"excerpt":{"rendered":"<p>Mais de 300 pessoas participaram da pedalada, que teve ainda o sorteio de diversos brindes<\/p>\n","protected":false},"author":4,"featured_media":0,"comment_status":"closed","ping_status":"closed","sticky":false,"template":"","format":"standard","meta":{"footnotes":""},"categories":[24],"tags":[],"class_list":["post-2736","post","type-post","status-publish","format-standard","hentry","category-noticias"],"acf":[],"_links":{"self":[{"href":"http:\/\/www.apucarana.pr.gov.br\/site\/wp-json\/wp\/v2\/posts\/2736","targetHints":{"allow":["GET"]}}],"collection":[{"href":"http:\/\/www.apucarana.pr.gov.br\/site\/wp-json\/wp\/v2\/posts"}],"about":[{"href":"http:\/\/www.apucarana.pr.gov.br\/site\/wp-json\/wp\/v2\/types\/post"}],"author":[{"embeddable":true,"href":"http:\/\/www.apucarana.pr.gov.br\/site\/wp-json\/wp\/v2\/users\/4"}],"replies":[{"embeddable":true,"href":"http:\/\/www.apucarana.pr.gov.br\/site\/wp-json\/wp\/v2\/comments?post=2736"}],"version-history":[{"count":1,"href":"http:\/\/www.apucarana.pr.gov.br\/site\/wp-json\/wp\/v2\/posts\/2736\/revisions"}],"predecessor-version":[{"id":104142,"href":"http:\/\/www.apucarana.pr.gov.br\/site\/wp-json\/wp\/v2\/posts\/2736\/revisions\/104142"}],"wp:attachment":[{"href":"http:\/\/www.apucarana.pr.gov.br\/site\/wp-json\/wp\/v2\/media?parent=2736"}],"wp:term":[{"taxonomy":"category","embeddable":true,"href":"http:\/\/www.apucarana.pr.gov.br\/site\/wp-json\/wp\/v2\/categories?post=2736"},{"taxonomy":"post_tag","embeddable":true,"href":"http:\/\/www.apucarana.pr.gov.br\/site\/wp-json\/wp\/v2\/tags?post=2736"}],"curies":[{"name":"wp","href":"https:\/\/api.w.org\/{rel}","templated":true}]}}